{"id":101482,"date":"2025-03-28T09:02:56","date_gmt":"2025-03-28T12:02:56","guid":{"rendered":"https:\/\/tvc16.com\/portal\/?p=101482"},"modified":"2025-03-28T09:03:45","modified_gmt":"2025-03-28T12:03:45","slug":"reuniao-da-rede-integrada-reforca-protecao-a-criancas-e-adolescentes-em-petropolis","status":"publish","type":"post","link":"https:\/\/tvc16.com\/portal\/2025\/03\/28\/reuniao-da-rede-integrada-reforca-protecao-a-criancas-e-adolescentes-em-petropolis\/","title":{"rendered":"Reuni\u00e3o da rede integrada refor\u00e7a prote\u00e7\u00e3o a crian\u00e7as e adolescentes em Petr\u00f3polis"},"content":{"rendered":"\n<p>Representantes dos tr\u00eas conselhos tutelares de Petr\u00f3polis participaram de mais um encontro da rede integrada de prote\u00e7\u00e3o \u00e0 crian\u00e7a e ao adolescente. A reuni\u00e3o reuniu diversas secretarias municipais, incluindo Sa\u00fade, Educa\u00e7\u00e3o, Assist\u00eancia Social, Esportes, Cultura e Desenvolvimento Econ\u00f4mico.<\/p>\n\n\n\n<p>Durante o encontro, um dos temas centrais foi o Sistema Municipal de Atendimento Socioeducativo (Simase), que desempenha um papel crucial no acompanhamento de adolescentes em cumprimento de medidas socioeducativas. A import\u00e2ncia do Simase foi destacada por sua abordagem focada na reintegra\u00e7\u00e3o social e no acompanhamento individualizado dos jovens, garantindo que eles recebam o suporte necess\u00e1rio para sua recupera\u00e7\u00e3o e inser\u00e7\u00e3o positiva na sociedade.<\/p>\n\n\n\n<p>\u201cO Simase oferece um acompanhamento individualizado aos jovens e no apoio necess\u00e1rio para que eles possam superar os desafios e se reintegrar de forma positiva \u00e0 sociedade. \u00c9 uma pe\u00e7a fundamental na nossa estrat\u00e9gia de prote\u00e7\u00e3o e reintegra\u00e7\u00e3o dos adolescentes que est\u00e3o em situa\u00e7\u00e3o de vulnerabilidade. \u00c9 essencial que recebam o suporte adequado para que possam reescrever suas hist\u00f3rias e ter um futuro melhor&#8221;, afirmou o prefeito Hingo Hammes.<\/p>\n\n\n\n<p>A reuni\u00e3o tamb\u00e9m abordou o atendimento especializado aos jovens, destacando o N\u00facleo de Atendimento Psicol\u00f3gico Infantojuvenil (Nape), que oferece suporte psicol\u00f3gico, e o programa Fam\u00edlia Acolhedora, que visa evitar a institucionaliza\u00e7\u00e3o de crian\u00e7as e adolescentes em situa\u00e7\u00e3o de vulnerabilidade. Al\u00e9m disso, foram apresentados os servi\u00e7os do CREAS, focados em apoiar fam\u00edlias em risco e promover a inclus\u00e3o social.<\/p>\n\n\n\n<p>A presidente da Comdep e vice-presidente do Conselho Municipal dos Direitos da Crian\u00e7a e do Adolescente (CMDCA), Fernanda Ferreira, representou o gabinete do prefeito e enfatizou a relev\u00e2ncia da atua\u00e7\u00e3o conjunta. \u201cO di\u00e1logo entre os \u00f3rg\u00e3os municipais permite que possamos oferecer um atendimento mais eficiente e humanizado. A troca de informa\u00e7\u00f5es entre os setores \u00e9 essencial para garantir que as pol\u00edticas p\u00fablicas cheguem a quem mais precisa\u201d, destacou.<\/p>\n","protected":false},"excerpt":{"rendered":"<p>Representantes dos tr\u00eas conselhos tutelares de Petr\u00f3polis participaram de mais um encontro da rede integrada<\/p>\n","protected":false},"author":2,"featured_media":101484,"comment_status":"open","ping_status":"open","sticky":false,"template":"","format":"standard","meta":{"footnotes":""},"categories":[12],"tags":[],"class_list":["post-101482","post","type-post","status-publish","format-standard","has-post-thumbnail","hentry","category-cidade"],"_links":{"self":[{"href":"https:\/\/tvc16.com\/portal\/wp-json\/wp\/v2\/posts\/101482","targetHints":{"allow":["GET"]}}],"collection":[{"href":"https:\/\/tvc16.com\/portal\/wp-json\/wp\/v2\/posts"}],"about":[{"href":"https:\/\/tvc16.com\/portal\/wp-json\/wp\/v2\/types\/post"}],"author":[{"embeddable":true,"href":"https:\/\/tvc16.com\/portal\/wp-json\/wp\/v2\/users\/2"}],"replies":[{"embeddable":true,"href":"https:\/\/tvc16.com\/portal\/wp-json\/wp\/v2\/comments?post=101482"}],"version-history":[{"count":1,"href":"https:\/\/tvc16.com\/portal\/wp-json\/wp\/v2\/posts\/101482\/revisions"}],"predecessor-version":[{"id":101485,"href":"https:\/\/tvc16.com\/portal\/wp-json\/wp\/v2\/posts\/101482\/revisions\/101485"}],"wp:featuredmedia":[{"embeddable":true,"href":"https:\/\/tvc16.com\/portal\/wp-json\/wp\/v2\/media\/101484"}],"wp:attachment":[{"href":"https:\/\/tvc16.com\/portal\/wp-json\/wp\/v2\/media?parent=101482"}],"wp:term":[{"taxonomy":"category","embeddable":true,"href":"https:\/\/tvc16.com\/portal\/wp-json\/wp\/v2\/categories?post=101482"},{"taxonomy":"post_tag","embeddable":true,"href":"https:\/\/tvc16.com\/portal\/wp-json\/wp\/v2\/tags?post=101482"}],"curies":[{"name":"wp","href":"https:\/\/api.w.org\/{rel}","templated":true}]}}