{"id":101486,"date":"2025-03-28T09:06:05","date_gmt":"2025-03-28T12:06:05","guid":{"rendered":"https:\/\/tvc16.com\/portal\/?p=101486"},"modified":"2025-03-28T09:06:07","modified_gmt":"2025-03-28T12:06:07","slug":"prefeitura-vai-estender-periodo-de-testes-de-binario-de-transito-na-rua-general-rondon-no-quitandinha","status":"publish","type":"post","link":"https:\/\/tvc16.com\/portal\/2025\/03\/28\/prefeitura-vai-estender-periodo-de-testes-de-binario-de-transito-na-rua-general-rondon-no-quitandinha\/","title":{"rendered":"Prefeitura vai estender per\u00edodo de testes de bin\u00e1rio de tr\u00e2nsito na Rua General Rondon, no Quitandinha"},"content":{"rendered":"\n<p><em>Primeiro dia de testes teve impacto positivo no tr\u00e2nsito, reduzindo congestionamentos nas vias da regi\u00e3o<\/em><\/p>\n\n\n\n<p>A Prefeitura de Petr\u00f3polis, por meio da Companhia Petropolitana de Tr\u00e2nsito e Transportes &#8211; CPTrans, vai estender o per\u00edodo de testes do bin\u00e1rio na Rua General Rondon, no Quitandinha. A mudan\u00e7a foi testada nesta quarta-feira (26), quando equipes da companhia desviaram o tr\u00e2nsito para a rua Pedro Am\u00e9rico, para os ve\u00edculos que seguem sentido centro, no hor\u00e1rio de pico, entre 17h e 19h. Os dados da primeira avalia\u00e7\u00e3o foram positivos.<\/p>\n\n\n\n<pre class=\"wp-block-code\"><code>\u201cEssa \u00e9 uma demanda da regi\u00e3o e tamb\u00e9m fruto da observa\u00e7\u00e3o das nossas equipes t\u00e9cnicas. O acesso ao Independ\u00eancia, bairro mais populoso da cidade, com mais de 60 mil habitantes, gerava interrup\u00e7\u00f5es no fluxo da General Rondon. Poucos metros \u00e0 frente ainda tem o acesso ao Cremerie. Com a mudan\u00e7a de ontem, essas interrup\u00e7\u00f5es quase n\u00e3o aconteceram, permitindo uma grande melhora no fluxo da regi\u00e3o\u201d, destacou o prefeito hingo Hammes, que lembrou ainda que desde o in\u00edcio da gest\u00e3o vem buscando solu\u00e7\u00f5es diariamente para a melhoria da mobilidade urbana na cidade.<\/code><\/pre>\n\n\n\n<p>A interven\u00e7\u00e3o, coordenada por agentes de tr\u00e2nsito da CPTrans, acontece tamb\u00e9m nesta quinta (27) e sexta-feira (28) entre 17h e 19h. Os motoristas que seguem sentido centro v\u00e3o ter que acessar a rua Pedro Am\u00e9rico, ao lado do supermercado Extra, e nela seguir at\u00e9 a estrada do Independ\u00eancia, de onde seguem novamente em dire\u00e7\u00e3o \u00e0 rua General Rondon. O fluxo de quem segue em dire\u00e7\u00e3o ao Quitandinha permanece o mesmo.<\/p>\n\n\n\n<p>\u201cE ao longo da semana que vem tamb\u00e9m ser\u00e1 feita a altera\u00e7\u00e3o, entre segunda (31) e sexta-feira (4). Passando o per\u00edodo de testes e sendo aprovada a medida, ela passa a ser uma realidade nos dias de maior fluxo, sempre entre segunda e sexta, de 17h \u00e0s 19h. Sempre tamb\u00e9m com a presen\u00e7a de agentes orientando os motoristas e sinaliza\u00e7\u00e3o indicando o trajeto. Em casos de ve\u00edculos de grande porte, com a coordena\u00e7\u00e3o dos agentes, eles podem ser liberados para seguirem pela rua General Rondon\u201d, explica o presidente da CPTrans, Luciano Moreira.<\/p>\n\n\n\n<p>Impacto positivo no primeiro dia<\/p>\n\n\n\n<p>Com a mudan\u00e7a, os motoristas que seguem em dire\u00e7\u00e3o ao centro, n\u00e3o tiveram interrup\u00e7\u00f5es no fluxo no acesso ao Independ\u00eancia e ao Cremerie. Ao passar pela rua Pedro Am\u00e9rico e estrada do Independ\u00eancia, o fluxo seguiu cont\u00ednuo. A mudan\u00e7a impactou positivamente tamb\u00e9m a pista sentido Quitandinha, porque o trecho da rua General Rondon passou a funcionar em sentido \u00fanico nas duas pistas, permitindo acessar diretamente a rua Pedro Am\u00e9rico, sem interrup\u00e7\u00f5es no fluxo.<\/p>\n\n\n\n<p>\u201cAl\u00e9m de observar o fluxo, nossa equipe percorreu ainda as ruas da regi\u00e3o, para verificar o impacto. \u00c0s 17h50, seguindo em dire\u00e7\u00e3o ao Quitandinha, pela rua Coronel Veiga, n\u00e3o houve qualquer interrup\u00e7\u00e3o no trecho da Eurokraft, onde normalmente come\u00e7a a se formar a fila de carros. A pista estava totalmente livre. E mesmo em trechos mais adiante, como a Ponte Fones, havia lentid\u00e3o, mas sem tr\u00e2nsito parado\u201d, destaca Moreira.<\/p>\n","protected":false},"excerpt":{"rendered":"<p>Primeiro dia de testes teve impacto positivo no tr\u00e2nsito, reduzindo congestionamentos nas vias da regi\u00e3o<\/p>\n","protected":false},"author":2,"featured_media":101487,"comment_status":"open","ping_status":"open","sticky":false,"template":"","format":"standard","meta":{"footnotes":""},"categories":[12],"tags":[],"class_list":["post-101486","post","type-post","status-publish","format-standard","has-post-thumbnail","hentry","category-cidade"],"_links":{"self":[{"href":"https:\/\/tvc16.com\/portal\/wp-json\/wp\/v2\/posts\/101486","targetHints":{"allow":["GET"]}}],"collection":[{"href":"https:\/\/tvc16.com\/portal\/wp-json\/wp\/v2\/posts"}],"about":[{"href":"https:\/\/tvc16.com\/portal\/wp-json\/wp\/v2\/types\/post"}],"author":[{"embeddable":true,"href":"https:\/\/tvc16.com\/portal\/wp-json\/wp\/v2\/users\/2"}],"replies":[{"embeddable":true,"href":"https:\/\/tvc16.com\/portal\/wp-json\/wp\/v2\/comments?post=101486"}],"version-history":[{"count":1,"href":"https:\/\/tvc16.com\/portal\/wp-json\/wp\/v2\/posts\/101486\/revisions"}],"predecessor-version":[{"id":101488,"href":"https:\/\/tvc16.com\/portal\/wp-json\/wp\/v2\/posts\/101486\/revisions\/101488"}],"wp:featuredmedia":[{"embeddable":true,"href":"https:\/\/tvc16.com\/portal\/wp-json\/wp\/v2\/media\/101487"}],"wp:attachment":[{"href":"https:\/\/tvc16.com\/portal\/wp-json\/wp\/v2\/media?parent=101486"}],"wp:term":[{"taxonomy":"category","embeddable":true,"href":"https:\/\/tvc16.com\/portal\/wp-json\/wp\/v2\/categories?post=101486"},{"taxonomy":"post_tag","embeddable":true,"href":"https:\/\/tvc16.com\/portal\/wp-json\/wp\/v2\/tags?post=101486"}],"curies":[{"name":"wp","href":"https:\/\/api.w.org\/{rel}","templated":true}]}}