{"id":101489,"date":"2025-03-28T09:08:05","date_gmt":"2025-03-28T12:08:05","guid":{"rendered":"https:\/\/tvc16.com\/portal\/?p=101489"},"modified":"2025-03-28T09:08:08","modified_gmt":"2025-03-28T12:08:08","slug":"convenio-da-prefeitura-de-petropolis-com-a-defensoria-publica-vai-facilitar-atendimento-de-paciente-do-sus","status":"publish","type":"post","link":"https:\/\/tvc16.com\/portal\/2025\/03\/28\/convenio-da-prefeitura-de-petropolis-com-a-defensoria-publica-vai-facilitar-atendimento-de-paciente-do-sus\/","title":{"rendered":"Conv\u00eanio da Prefeitura de Petr\u00f3polis com a Defensoria P\u00fablica vai facilitar atendimento de paciente do SUS"},"content":{"rendered":"\n<p>A Prefeitura de Petr\u00f3polis assinou nesta quinta-feira (27) um conv\u00eanio com a C\u00e2mara de Resolu\u00e7\u00e3o de Lit\u00edgios de Sa\u00fade (CRLS), da Defensoria P\u00fablica do Estado do Rio de Janeiro. O evento aconteceu na Casa de Educa\u00e7\u00e3o e tem o objetivo de facilitar e agilizar o atendimento de pacientes atendidos pelo Sistema \u00danico de Sa\u00fade (SUS) em Petr\u00f3polis.<\/p>\n\n\n\n<p>\u201cEsse \u00e9 um conv\u00eanio muito importante. Estaremos mais pr\u00f3ximos da justi\u00e7a para ouvir a necessidade dos pacientes do SUS e, desta forma, negociaremos amigavelmente com a justi\u00e7a para atender rapidamente as necessidades da nossa popula\u00e7\u00e3o\u201d, comentou o prefeito de Petr\u00f3polis, Hingo Hammes.<\/p>\n\n\n\n<p>A CRLS tem como objetivo promover o atendimento da popula\u00e7\u00e3o que necessita de servi\u00e7o de sa\u00fade, de modo a evitar o ajuizamento de a\u00e7\u00f5es, buscando solu\u00e7\u00e3o administrativa de um acesso mais c\u00e9lere e resolutivo para oferta de medicamento, agendamento de procedimento cir\u00fargico ou exame m\u00e9dico.<\/p>\n\n\n\n<p>\u201cPara quem est\u00e1 em tratamento de sa\u00fade o tempo \u00e9 vital e n\u00f3s queremos garantir que os pacientes de Petr\u00f3polis tenham um atendimento r\u00e1pido e eficiente. Por isso, estaremos juntos com a Defensoria P\u00fablica para ouvir a necessidade de cada um e buscar a solu\u00e7\u00e3o\u201d, comentou o Secret\u00e1rio Municipal de Sa\u00fade, Lu\u00eds Cruzick.<\/p>\n\n\n\n<p>Para o Defensor Geral da Defensoria P\u00fablica do Estado do Rio de Janeiro, Paulo V\u00ednicius Cozzolino, \u201co conv\u00eanio \u00e9 uma ferramenta essencial, pois promove di\u00e1logo permanente entre as institui\u00e7\u00f5es, garantindo solu\u00e7\u00f5es pr\u00e1ticas para demandas na sa\u00fade. \u00c9 uma iniciativa que refor\u00e7a nosso compromisso com aqueles que mais necessitam\u201d.<\/p>\n\n\n\n<p>J\u00e1 a subcoordenadora de Sa\u00fade e Tutela Coletiva da Defensoria P\u00fablica do Estado do Rio de Janeiro, Dra. Luiza Maciel, afirmou que \u201cfoi fundamental estar com a prefeitura de Petr\u00f3polis e firmar esse conv\u00eanio em sa\u00fade na resolu\u00e7\u00e3o extrajudicial dos lit\u00edgios dessa mat\u00e9ria. Ent\u00e3o, antes de qualquer medida, vamos sempre tentar dialogar com o poder p\u00fablico e conseguir n\u00e3o judicializar a demanda. Isso vai trazer \u00f3timos benef\u00edcios para a popula\u00e7\u00e3o petropolitana\u201d.<\/p>\n\n\n\n<p>A C\u00e2mara de Resolu\u00e7\u00e3o de Lit\u00edgios de Sa\u00fade (CRLS) \u00e9 uma iniciativa da Procuradoria Geral do Estado (PGE-RJ) em parceria com as Defensorias P\u00fablicas do Estado e da Uni\u00e3o e as Secretarias estadual e municipal de Sa\u00fade. O empreendimento foi indicado ao Pr\u00eamio Innovare de 2014.<\/p>\n\n\n\n<p>Tamb\u00e9m estiveram presentes no evento os vereadores Alo\u00edsio Barbosa e Thiago Guel, al\u00e9m Albano Filho, vice-prefeito, Rosangela Stumpf, Chefe de Gabinete e secret\u00e1ria de Direitos e Pol\u00edticas para as Mulheres, Fernando Fernandes, do Procurador Geral do Munic\u00edpio, Alexandre Gurgel, secret\u00e1rio de Educa\u00e7\u00e3o, Fernanda Ferreira, diretora-presidente da Comdep, e Juliana Salvini, Controladora-Geral.<\/p>\n","protected":false},"excerpt":{"rendered":"<p>A Prefeitura de Petr\u00f3polis assinou nesta quinta-feira (27) um conv\u00eanio com a C\u00e2mara de Resolu\u00e7\u00e3o<\/p>\n","protected":false},"author":2,"featured_media":101490,"comment_status":"open","ping_status":"open","sticky":false,"template":"","format":"standard","meta":{"footnotes":""},"categories":[12],"tags":[],"class_list":["post-101489","post","type-post","status-publish","format-standard","has-post-thumbnail","hentry","category-cidade"],"_links":{"self":[{"href":"https:\/\/tvc16.com\/portal\/wp-json\/wp\/v2\/posts\/101489","targetHints":{"allow":["GET"]}}],"collection":[{"href":"https:\/\/tvc16.com\/portal\/wp-json\/wp\/v2\/posts"}],"about":[{"href":"https:\/\/tvc16.com\/portal\/wp-json\/wp\/v2\/types\/post"}],"author":[{"embeddable":true,"href":"https:\/\/tvc16.com\/portal\/wp-json\/wp\/v2\/users\/2"}],"replies":[{"embeddable":true,"href":"https:\/\/tvc16.com\/portal\/wp-json\/wp\/v2\/comments?post=101489"}],"version-history":[{"count":1,"href":"https:\/\/tvc16.com\/portal\/wp-json\/wp\/v2\/posts\/101489\/revisions"}],"predecessor-version":[{"id":101491,"href":"https:\/\/tvc16.com\/portal\/wp-json\/wp\/v2\/posts\/101489\/revisions\/101491"}],"wp:featuredmedia":[{"embeddable":true,"href":"https:\/\/tvc16.com\/portal\/wp-json\/wp\/v2\/media\/101490"}],"wp:attachment":[{"href":"https:\/\/tvc16.com\/portal\/wp-json\/wp\/v2\/media?parent=101489"}],"wp:term":[{"taxonomy":"category","embeddable":true,"href":"https:\/\/tvc16.com\/portal\/wp-json\/wp\/v2\/categories?post=101489"},{"taxonomy":"post_tag","embeddable":true,"href":"https:\/\/tvc16.com\/portal\/wp-json\/wp\/v2\/tags?post=101489"}],"curies":[{"name":"wp","href":"https:\/\/api.w.org\/{rel}","templated":true}]}}