{"id":101492,"date":"2025-03-28T09:10:17","date_gmt":"2025-03-28T12:10:17","guid":{"rendered":"https:\/\/tvc16.com\/portal\/?p=101492"},"modified":"2025-03-28T09:10:45","modified_gmt":"2025-03-28T12:10:45","slug":"carreta-da-saude-chega-a-itaipava-para-ampliar-a-oferta-de-exames-de-ultrassonografia","status":"publish","type":"post","link":"https:\/\/tvc16.com\/portal\/2025\/03\/28\/carreta-da-saude-chega-a-itaipava-para-ampliar-a-oferta-de-exames-de-ultrassonografia\/","title":{"rendered":"Carreta da sa\u00fade chega \u00e0 Itaipava para ampliar a oferta de exames de ultrassonografia"},"content":{"rendered":"\n<p><em>Objetivo \u00e9 reduzir a fila de espera e agilizar o atendimento \u00e0 popula\u00e7\u00e3o<\/em><\/p>\n\n\n\n<p>A Prefeitura de Petr\u00f3polis, por meio da Secretaria Municipal de Sa\u00fade, segue refor\u00e7ando as a\u00e7\u00f5es para melhorar o atendimento \u00e0 popula\u00e7\u00e3o. Desta vez, um novo mutir\u00e3o de exames de ultrassonografia est\u00e1 sendo realizado com o apoio de uma carreta equipada com tecnologia de ponta. O servi\u00e7o, viabilizado por meio de uma emenda parlamentar do Senador Rom\u00e1rio, est\u00e1 dispon\u00edvel em frente ao Parque Municipal Prefeito Paulo Rattes, em Itaipava.<\/p>\n\n\n\n<p>&#8220;Desde o in\u00edcio da gest\u00e3o, estamos trabalhando para reduzir as filas na sa\u00fade, um desafio que enfrentamos com prioridade. A chegada dessa unidade m\u00f3vel \u00e9 mais uma iniciativa para acelerar o atendimento e garantir que os exames cheguem a quem precisa. Agrade\u00e7o ao Senador Rom\u00e1rio por essa parceria que beneficia diretamente a nossa popula\u00e7\u00e3o&#8221;, destaca o prefeito Hingo Hammes.<\/p>\n\n\n\n<p>Os pacientes ser\u00e3o convocados pela regula\u00e7\u00e3o da Secretaria Municipal de Sa\u00fade via WhatsApp. \u00c9 fundamental refor\u00e7ar que todos os exames s\u00e3o gratuitos e que a Secretaria n\u00e3o solicita documentos ou pagamentos por mensagens.<\/p>\n\n\n\n<p>\u201cOs pacientes receber\u00e3o apenas uma mensagem de convoca\u00e7\u00e3o e dever\u00e3o comparecer \u00e0 carreta, em frente ao Parque de Itaipava, na data e hor\u00e1rio agendados para a realiza\u00e7\u00e3o do exame. Manter o cadastro atualizado \u00e9 essencial para garantir o atendimento\u201d, explica o secret\u00e1rio de Sa\u00fade, Lu\u00eds Cruzick.<\/p>\n\n\n\n<p>A unidade m\u00f3vel oferecer\u00e1 exames de ultrassonografia de Tireoide, Mama, Abd\u00f4men Total e Transvaginal. Ser\u00e3o realizados 300 exames por dia, com entrega imediata do laudo ao paciente. O atendimento ocorrer\u00e1 neste fim de semana, com agendamentos para sexta-feira (28), s\u00e1bado (29) e domingo (30), das 8h30 \u00e0s 18h.<\/p>\n","protected":false},"excerpt":{"rendered":"<p>Objetivo \u00e9 reduzir a fila de espera e agilizar o atendimento \u00e0 popula\u00e7\u00e3o A Prefeitura<\/p>\n","protected":false},"author":2,"featured_media":886,"comment_status":"open","ping_status":"open","sticky":false,"template":"","format":"standard","meta":{"footnotes":""},"categories":[12],"tags":[],"class_list":["post-101492","post","type-post","status-publish","format-standard","has-post-thumbnail","hentry","category-cidade"],"_links":{"self":[{"href":"https:\/\/tvc16.com\/portal\/wp-json\/wp\/v2\/posts\/101492","targetHints":{"allow":["GET"]}}],"collection":[{"href":"https:\/\/tvc16.com\/portal\/wp-json\/wp\/v2\/posts"}],"about":[{"href":"https:\/\/tvc16.com\/portal\/wp-json\/wp\/v2\/types\/post"}],"author":[{"embeddable":true,"href":"https:\/\/tvc16.com\/portal\/wp-json\/wp\/v2\/users\/2"}],"replies":[{"embeddable":true,"href":"https:\/\/tvc16.com\/portal\/wp-json\/wp\/v2\/comments?post=101492"}],"version-history":[{"count":1,"href":"https:\/\/tvc16.com\/portal\/wp-json\/wp\/v2\/posts\/101492\/revisions"}],"predecessor-version":[{"id":101493,"href":"https:\/\/tvc16.com\/portal\/wp-json\/wp\/v2\/posts\/101492\/revisions\/101493"}],"wp:featuredmedia":[{"embeddable":true,"href":"https:\/\/tvc16.com\/portal\/wp-json\/wp\/v2\/media\/886"}],"wp:attachment":[{"href":"https:\/\/tvc16.com\/portal\/wp-json\/wp\/v2\/media?parent=101492"}],"wp:term":[{"taxonomy":"category","embeddable":true,"href":"https:\/\/tvc16.com\/portal\/wp-json\/wp\/v2\/categories?post=101492"},{"taxonomy":"post_tag","embeddable":true,"href":"https:\/\/tvc16.com\/portal\/wp-json\/wp\/v2\/tags?post=101492"}],"curies":[{"name":"wp","href":"https:\/\/api.w.org\/{rel}","templated":true}]}}