{"id":101502,"date":"2025-03-28T19:46:30","date_gmt":"2025-03-28T22:46:30","guid":{"rendered":"https:\/\/tvc16.com\/portal\/?p=101502"},"modified":"2025-03-28T19:46:31","modified_gmt":"2025-03-28T22:46:31","slug":"governo-do-estado-publica-cofinanciamento-de-leitos-do-hospital-santa-teresa","status":"publish","type":"post","link":"https:\/\/tvc16.com\/portal\/2025\/03\/28\/governo-do-estado-publica-cofinanciamento-de-leitos-do-hospital-santa-teresa\/","title":{"rendered":"Governo do Estado publica cofinanciamento de leitos do Hospital Santa Teresa"},"content":{"rendered":"\n<p><em>Por Gabriel Rattes<\/em><\/p>\n\n\n\n<p>O Governo do Estado, atrav\u00e9s da Secretaria de Sa\u00fade, publicou oficialmente o cofinanciamento de leitos do Hospital Santa Teresa, em Petr\u00f3polis. A delibera\u00e7\u00e3o CIB RJ 9.335 foi publicada no Di\u00e1rio Oficial (DO) desta segunda-feira, dia 24 de mar\u00e7o. O Estado ir\u00e1 cofinanciar dez leitos de UTI (Unidade de Terapia Intensiva) com o valor de R$ 400 por di\u00e1ria. O cofinanciamento ser\u00e1 destinado exclusivamente \u00e0 aqueles regulados pelo Sistema Estadual de Regula\u00e7\u00e3o SUS, podendo chegar a um valor anual de at\u00e9 R$ 1,44 milh\u00e3o. Essa medida foi proposta durante uma audi\u00eancia realizada no dia 26 de fevereiro, na sede da Secretaria Estadual de Sa\u00fade (SES-RJ), que discutiu a continuidade dos servi\u00e7os prestados pelo hospital na Regi\u00e3o Serrana.<\/p>\n\n\n\n<p>A produ\u00e7\u00e3o dos leitos ser\u00e1 monitorada atrav\u00e9s de relat\u00f3rios extra\u00eddos dos Sistemas de Informa\u00e7\u00f5es Ambulatoriais e Hospitalares do SUS (SIAH\/SUS) e do Sistema de Regula\u00e7\u00e3o (SER). A delibera\u00e7\u00e3o j\u00e1 est\u00e1 em vigor e os efeitos come\u00e7am a contar a partir do acordo judicial firmado no dia 24 de fevereiro de 2025.<\/p>\n\n\n\n<p>Em nota, o Hospital Santa Teresa celebrou a publica\u00e7\u00e3o da delibera\u00e7\u00e3o, considerando-a uma conquista importante. &#8220;Renova nossa esperan\u00e7a em manter nossa miss\u00e3o de cuidar e acolher atrav\u00e9s da nossa assist\u00eancia aos mais vulner\u00e1veis&#8221;, declarou.<\/p>\n\n\n\n<p>No entanto, a institui\u00e7\u00e3o ainda busca a regulariza\u00e7\u00e3o das d\u00edvidas. &#8220;Paralelamente, buscamos, ainda, o pagamento dos valores inadimplidos pelo munic\u00edpio, bem como a efetiva\u00e7\u00e3o do encontro de contas dos valores contestados pelo ente p\u00fablico e da renova\u00e7\u00e3o do aditivo contratual, assinado em 25\/10\/24 e que vencer\u00e1 no pr\u00f3ximo dia 30 de abril&#8221;.<\/p>\n\n\n\n<p>O hospital reafirmou seu compromisso de seguir prestando servi\u00e7os \u00e0 comunidade, desde que haja equil\u00edbrio econ\u00f4mico-financeiro no conv\u00eanio e o pagamento dos valores acordados. &#8220;Permanecemos comprometidos em garantir a qualidade e a efici\u00eancia dos servi\u00e7os de sa\u00fade oferecidos \u00e0 comunidade&#8221;, finalizou.<\/p>\n\n\n\n<p><strong>Entenda o caso<\/strong><\/p>\n\n\n\n<p>Em uma audi\u00eancia, no dia 26 de fevereiro, na sede da SES-RJ, foi proposto pelo Governo do Estado, o cofinanciamento dos leitos de UTI Adulto Tipo III pelo valor de R$ 400 a di\u00e1ria, exclusivamente os regulados pelo Sistema Estadual de Regula\u00e7\u00e3o SUS, podendo chegar em um valor anual de at\u00e9 R$ 1,440 milh\u00e3o. O subsecret\u00e1rio de Aten\u00e7\u00e3o \u00e0 Sa\u00fade (SES\/SUBAS), Caio Ant\u00f4nio Mello, esteve presente na reuni\u00e3o e contextualizou que esse tipo de leito, atualmente, recebe do Minist\u00e9rio da Sa\u00fade um aporte de R$ 135 mil por m\u00eas, totalizando R$ 1,620 milh\u00e3o por ano. Al\u00e9m disso, h\u00e1 um aporte de R$ 250 mil por m\u00eas para a reserva t\u00e9cnica de neurocirurgia.<\/p>\n\n\n\n<p>O secret\u00e1rio Municipal de Sa\u00fade (SMS) de Petr\u00f3polis, Luis Cruzick, tamb\u00e9m esteve presente na audi\u00eancia e informou que o valor mensal de R$ 135 mil custeia os procedimentos de m\u00e9dia e alta complexidade realizados pelo HST. O secret\u00e1rio tamb\u00e9m enfatizou para que os tr\u00e2mites para pagamento do recurso de reserva t\u00e9cnica de R$ 250 mil\/m\u00eas se mantenha o mesmo. Sendo realizado por meio de protocolo junto a SMS de Petr\u00f3polis no m\u00eas subsequente a compet\u00eancia devida, por meio de apresenta\u00e7\u00e3o de nota fiscal no valor integral.<\/p>\n","protected":false},"excerpt":{"rendered":"<p>Por Gabriel Rattes O Governo do Estado, atrav\u00e9s da Secretaria de Sa\u00fade, publicou oficialmente o<\/p>\n","protected":false},"author":2,"featured_media":101503,"comment_status":"open","ping_status":"open","sticky":false,"template":"","format":"standard","meta":{"footnotes":""},"categories":[12],"tags":[],"class_list":["post-101502","post","type-post","status-publish","format-standard","has-post-thumbnail","hentry","category-cidade"],"_links":{"self":[{"href":"https:\/\/tvc16.com\/portal\/wp-json\/wp\/v2\/posts\/101502","targetHints":{"allow":["GET"]}}],"collection":[{"href":"https:\/\/tvc16.com\/portal\/wp-json\/wp\/v2\/posts"}],"about":[{"href":"https:\/\/tvc16.com\/portal\/wp-json\/wp\/v2\/types\/post"}],"author":[{"embeddable":true,"href":"https:\/\/tvc16.com\/portal\/wp-json\/wp\/v2\/users\/2"}],"replies":[{"embeddable":true,"href":"https:\/\/tvc16.com\/portal\/wp-json\/wp\/v2\/comments?post=101502"}],"version-history":[{"count":1,"href":"https:\/\/tvc16.com\/portal\/wp-json\/wp\/v2\/posts\/101502\/revisions"}],"predecessor-version":[{"id":101504,"href":"https:\/\/tvc16.com\/portal\/wp-json\/wp\/v2\/posts\/101502\/revisions\/101504"}],"wp:featuredmedia":[{"embeddable":true,"href":"https:\/\/tvc16.com\/portal\/wp-json\/wp\/v2\/media\/101503"}],"wp:attachment":[{"href":"https:\/\/tvc16.com\/portal\/wp-json\/wp\/v2\/media?parent=101502"}],"wp:term":[{"taxonomy":"category","embeddable":true,"href":"https:\/\/tvc16.com\/portal\/wp-json\/wp\/v2\/categories?post=101502"},{"taxonomy":"post_tag","embeddable":true,"href":"https:\/\/tvc16.com\/portal\/wp-json\/wp\/v2\/tags?post=101502"}],"curies":[{"name":"wp","href":"https:\/\/api.w.org\/{rel}","templated":true}]}}