{"id":101508,"date":"2025-03-28T11:37:31","date_gmt":"2025-03-28T14:37:31","guid":{"rendered":"https:\/\/tvc16.com\/portal\/?p=101508"},"modified":"2025-03-28T11:37:42","modified_gmt":"2025-03-28T14:37:42","slug":"policia-civil-realiza-combate-ao-trafico-de-drogas-na-regiao-serrana","status":"publish","type":"post","link":"https:\/\/tvc16.com\/portal\/2025\/03\/28\/policia-civil-realiza-combate-ao-trafico-de-drogas-na-regiao-serrana\/","title":{"rendered":"Pol\u00edcia Civil realiza combate ao tr\u00e1fico de drogas na Regi\u00e3o Serrana"},"content":{"rendered":"\n<p>Policiais civis da 151\u00aa DP (Nova Friburgo) prenderam um homem em flagrante, nesta quarta-feira (26\/03), por tr\u00e1fico e associa\u00e7\u00e3o para o tr\u00e1fico de drogas. O autor foi detido no bairro Catarcione, ap\u00f3s den\u00fancias sobre a comercializa\u00e7\u00e3o de entorpecentes na regi\u00e3o.<\/p>\n\n\n\n<p>Com o homem, os agentes apreenderam papelotes de coca\u00edna e tabletes de maconha. Momentos depois, j\u00e1 na resid\u00eancia do preso, foi apreendida uma mochila contendo farto material entorpecente. A a\u00e7\u00e3o contou com apoio da Pol\u00edcia Militar.<\/p>\n\n\n\n<p>Em outra a\u00e7\u00e3o, nesta quarta (26), os agentes localizaram um ponto de vendas de drogas no munic\u00edpio. Um homem foi detido em flagrante por tr\u00e1fico e associa\u00e7\u00e3o para o tr\u00e1fico. As investiga\u00e7\u00f5es continuam para identificar e prender outros envolvidos na a\u00e7\u00e3o criminosa.<\/p>\n","protected":false},"excerpt":{"rendered":"<p>Policiais civis da 151\u00aa DP (Nova Friburgo) prenderam um homem em flagrante, nesta quarta-feira (26\/03),<\/p>\n","protected":false},"author":2,"featured_media":101509,"comment_status":"open","ping_status":"open","sticky":false,"template":"","format":"standard","meta":{"footnotes":""},"categories":[17],"tags":[],"class_list":["post-101508","post","type-post","status-publish","format-standard","has-post-thumbnail","hentry","category-outras-noticias"],"_links":{"self":[{"href":"https:\/\/tvc16.com\/portal\/wp-json\/wp\/v2\/posts\/101508","targetHints":{"allow":["GET"]}}],"collection":[{"href":"https:\/\/tvc16.com\/portal\/wp-json\/wp\/v2\/posts"}],"about":[{"href":"https:\/\/tvc16.com\/portal\/wp-json\/wp\/v2\/types\/post"}],"author":[{"embeddable":true,"href":"https:\/\/tvc16.com\/portal\/wp-json\/wp\/v2\/users\/2"}],"replies":[{"embeddable":true,"href":"https:\/\/tvc16.com\/portal\/wp-json\/wp\/v2\/comments?post=101508"}],"version-history":[{"count":1,"href":"https:\/\/tvc16.com\/portal\/wp-json\/wp\/v2\/posts\/101508\/revisions"}],"predecessor-version":[{"id":101510,"href":"https:\/\/tvc16.com\/portal\/wp-json\/wp\/v2\/posts\/101508\/revisions\/101510"}],"wp:featuredmedia":[{"embeddable":true,"href":"https:\/\/tvc16.com\/portal\/wp-json\/wp\/v2\/media\/101509"}],"wp:attachment":[{"href":"https:\/\/tvc16.com\/portal\/wp-json\/wp\/v2\/media?parent=101508"}],"wp:term":[{"taxonomy":"category","embeddable":true,"href":"https:\/\/tvc16.com\/portal\/wp-json\/wp\/v2\/categories?post=101508"},{"taxonomy":"post_tag","embeddable":true,"href":"https:\/\/tvc16.com\/portal\/wp-json\/wp\/v2\/tags?post=101508"}],"curies":[{"name":"wp","href":"https:\/\/api.w.org\/{rel}","templated":true}]}}