{"id":101511,"date":"2025-03-28T11:40:59","date_gmt":"2025-03-28T14:40:59","guid":{"rendered":"https:\/\/tvc16.com\/portal\/?p=101511"},"modified":"2025-03-28T11:41:01","modified_gmt":"2025-03-28T14:41:01","slug":"mulher-e-presa-por-racismo-em-petropolis","status":"publish","type":"post","link":"https:\/\/tvc16.com\/portal\/2025\/03\/28\/mulher-e-presa-por-racismo-em-petropolis\/","title":{"rendered":"Mulher \u00e9 presa por racismo em Petr\u00f3polis"},"content":{"rendered":"\n<p>Uma mulher foi presa, em flagrante, na tarde desta quinta-feira (27), pelo crime de racismo. A pris\u00e3o foi realizada por agentes da 105\u00aa Delegacia de Pol\u00edcia, no Retiro. Segundo a Pol\u00edcia Civil, os agentes foram acionados para a ocorr\u00eancia por volta 3 horas da tarde, e quinta-feira.<\/p>\n\n\n\n<p>O fato ocorreu dentro de um dos \u00f4nibus da empresa Turp, que fazia a linha Terminal Itaipava-Centro. Ela foi presa em flagrante, pelo crime de racismo. Ela proferiu xingamentos racistas como \u201cmacaco\u201d, \u201cfilhote de urubu\u201d e \u201ctiziu\u201d, uma ave, normalmente de cor escura.<\/p>\n\n\n\n<p>Com depoimentos de testemunhas e da pr\u00f3pria v\u00edtima, ela foi conduzida \u00e0 105\u00ba Delegacia de Pol\u00edcia, onde permaneceu presa \u00e0 disposi\u00e7\u00e3o da justi\u00e7a. A pena para o crime de racismo \u00e9 de 2 a 5 anos de reclus\u00e3o, al\u00e9m de multa.<\/p>\n","protected":false},"excerpt":{"rendered":"<p>Uma mulher foi presa, em flagrante, na tarde desta quinta-feira (27), pelo crime de racismo.<\/p>\n","protected":false},"author":2,"featured_media":99805,"comment_status":"open","ping_status":"open","sticky":false,"template":"","format":"standard","meta":{"footnotes":""},"categories":[12],"tags":[],"class_list":["post-101511","post","type-post","status-publish","format-standard","has-post-thumbnail","hentry","category-cidade"],"_links":{"self":[{"href":"https:\/\/tvc16.com\/portal\/wp-json\/wp\/v2\/posts\/101511","targetHints":{"allow":["GET"]}}],"collection":[{"href":"https:\/\/tvc16.com\/portal\/wp-json\/wp\/v2\/posts"}],"about":[{"href":"https:\/\/tvc16.com\/portal\/wp-json\/wp\/v2\/types\/post"}],"author":[{"embeddable":true,"href":"https:\/\/tvc16.com\/portal\/wp-json\/wp\/v2\/users\/2"}],"replies":[{"embeddable":true,"href":"https:\/\/tvc16.com\/portal\/wp-json\/wp\/v2\/comments?post=101511"}],"version-history":[{"count":1,"href":"https:\/\/tvc16.com\/portal\/wp-json\/wp\/v2\/posts\/101511\/revisions"}],"predecessor-version":[{"id":101512,"href":"https:\/\/tvc16.com\/portal\/wp-json\/wp\/v2\/posts\/101511\/revisions\/101512"}],"wp:featuredmedia":[{"embeddable":true,"href":"https:\/\/tvc16.com\/portal\/wp-json\/wp\/v2\/media\/99805"}],"wp:attachment":[{"href":"https:\/\/tvc16.com\/portal\/wp-json\/wp\/v2\/media?parent=101511"}],"wp:term":[{"taxonomy":"category","embeddable":true,"href":"https:\/\/tvc16.com\/portal\/wp-json\/wp\/v2\/categories?post=101511"},{"taxonomy":"post_tag","embeddable":true,"href":"https:\/\/tvc16.com\/portal\/wp-json\/wp\/v2\/tags?post=101511"}],"curies":[{"name":"wp","href":"https:\/\/api.w.org\/{rel}","templated":true}]}}