{"id":101513,"date":"2025-03-29T07:00:50","date_gmt":"2025-03-29T10:00:50","guid":{"rendered":"https:\/\/tvc16.com\/portal\/?p=101513"},"modified":"2025-03-28T19:03:35","modified_gmt":"2025-03-28T22:03:35","slug":"ibama-divulga-locais-de-prova-do-concurso-2025-para-460-vagas","status":"publish","type":"post","link":"https:\/\/tvc16.com\/portal\/2025\/03\/29\/ibama-divulga-locais-de-prova-do-concurso-2025-para-460-vagas\/","title":{"rendered":"Ibama divulga locais de prova do concurso 2025 para 460 vagas"},"content":{"rendered":"\n<p><em>Exame est\u00e1 marcado para dia 6 de abril em todas as capitais<\/em><\/p>\n\n\n\n<p>Por Daniella Almeida &#8211; Rep\u00f3rter da Ag\u00eancia Brasil \/ Foto: AGU\/Divulga\u00e7\u00e3o<\/p>\n\n\n\n<p><\/p>\n\n\n\n<p>O Instituto Brasileiro do Meio Ambiente e dos Recursos Naturais Renov\u00e1veis (Ibama) disponibilizou, nesta sexta-feira (28) os&nbsp;<a href=\"https:\/\/www.in.gov.br\/en\/web\/dou\/-\/edital-n-3-ibama-de-20-de-marco-de-2025-619557275\" target=\"_blank\" rel=\"noreferrer noopener\">locais de aplica\u00e7\u00e3o das provas<\/a>&nbsp;objetivas e discursiva do concurso p\u00fablico&nbsp;do \u00f3rg\u00e3o no pr\u00f3ximo dia 6 de abril.<img decoding=\"async\" src=\"https:\/\/agenciabrasil.ebc.com.br\/ebc.png?id=1636382&amp;o=node\"><img decoding=\"async\" src=\"https:\/\/agenciabrasil.ebc.com.br\/ebc.gif?id=1636382&amp;o=node\"><\/p>\n\n\n\n<p>A consulta ao local de realiza\u00e7\u00e3o das provas deve ser feita no&nbsp;<a href=\"http:\/\/www.cebraspe.org.br\/concursos\/ibama_25\" target=\"_blank\" rel=\"noreferrer noopener\">endere\u00e7o eletr\u00f4nico<\/a>&nbsp;do Centro Brasileiro de Pesquisa em Avalia\u00e7\u00e3o e Sele\u00e7\u00e3o e de Promo\u00e7\u00e3o de Eventos (Cebraspe), a&nbsp;<a href=\"http:\/\/www.cebraspe.org.br\/concursos\/ibama_25\" target=\"_blank\" rel=\"noreferrer noopener\">banca examinadora&nbsp;<\/a>do certame. A&nbsp;<strong>institui\u00e7\u00e3o orienta o candidato a verificar o local de prova com anteced\u00eancia para evitar imprevistos no dia da prova<\/strong>.<\/p>\n\n\n\n<p>Ao todo, s\u00e3o 460 vagas para cargos de n\u00edvel superior, sendo 330 vagas para analista ambiental da carreira de especialista em meio ambiente do Ibama e outras 130 vagas para analista administrativo, distribu\u00eddas para as 27 unidades da federa\u00e7\u00e3o.<\/p>\n\n\n\n<h2 class=\"wp-block-heading\">Dia do concurso<\/h2>\n\n\n\n<p>As provas objetivas e prova discursiva, no dia 6 de abril, ser\u00e3o aplicadas nas 27 capitais das unidades da federativas e seguir\u00e3o o hor\u00e1rio oficial de Bras\u00edlia, conforme descrito abaixo:<\/p>\n\n\n\n<ul class=\"wp-block-list\">\n<li>\u00b7\u00a0\u00a0\u00a0\u00a0\u00a0\u00a0\u00a0 \u00a0abertura dos port\u00f5es: 12 horas<\/li>\n\n\n\n<li>\u00b7\u00a0\u00a0\u00a0\u00a0\u00a0\u00a0\u00a0 \u00a0fechamento dos port\u00f5es: 13 horas<\/li>\n\n\n\n<li>\u00b7\u00a0\u00a0\u00a0\u00a0\u00a0\u00a0\u00a0 \u00a0in\u00edcio das provas: 13 horas e 30 minutos<\/li>\n\n\n\n<li>\u00b7\u00a0\u00a0\u00a0\u00a0\u00a0\u00a0\u00a0 \u00a0tempo de aplica\u00e7\u00e3o da prova: 4 horas e 30 minutos<\/li>\n<\/ul>\n\n\n\n<p>O candidato dever\u00e1 comparecer ao local de provas portando caneta esferogr\u00e1fica de tinta preta fabricada em material transparente, o documento de identidade original e o comprovante de inscri\u00e7\u00e3o.<\/p>\n\n\n\n<p>O Cebraspe recomenda que o candidato n\u00e3o leve nenhum dos seguintes&nbsp;objetos para sala onde far\u00e1 as provas, sob pena de ser eliminado do concurso:<\/p>\n\n\n\n<ul class=\"wp-block-list\">\n<li>Aparelhos eletr\u00f4nicos:\u00a0celulares, tablets, rel\u00f3gios, fones de ouvido, calculadoras<\/li>\n\n\n\n<li>Materiais de escrita:\u00a0l\u00e1pis, lapiseira, borracha, marca-texto<\/li>\n\n\n\n<li>Acess\u00f3rios:\u00a0chap\u00e9us, bon\u00e9s, gorros, \u00f3culos escuros, protetor auricular<\/li>\n\n\n\n<li>Recipientes n\u00e3o transparentes:\u00a0garrafas de \u00e1gua, embalagens de alimentos<\/li>\n\n\n\n<li>Armas brancas:\u00a0facas, tesouras, canivetes<\/li>\n<\/ul>\n\n\n\n<h2 class=\"wp-block-heading\">Concurso do Ibama<\/h2>\n\n\n\n<p>A jornada de trabalho dos aprovados do concurso do Ibama ser\u00e1 de&nbsp;<strong>40 horas semanais<\/strong>.<\/p>\n\n\n\n<p>A&nbsp;<strong>remunera\u00e7\u00e3o \u00e9 de R$ 9.994,60&nbsp;para todos os cargos<\/strong>, com a possibilidade de recebimento de gratifica\u00e7\u00e3o de qualifica\u00e7\u00e3o com os seguintes valores: para curso de especializa\u00e7\u00e3o: R$ 464, mestrado: R$ 922 ou doutorado: R$ 1.387.<\/p>\n\n\n\n<p>De acordo com o&nbsp;<a href=\"https:\/\/cdn.cebraspe.org.br\/concursos\/ibama_25\/arquivos\/ED_1_IBAMA_24_ABERTURA.PDF\" target=\"_blank\" rel=\"noreferrer noopener\">edital<\/a>&nbsp;do concurso,&nbsp;o&nbsp;<strong>candidato&nbsp;aprovado&nbsp;poder\u00e1 ser&nbsp;lotado em&nbsp;qualquer&nbsp;unidade&nbsp;do&nbsp;Ibama<\/strong>,&nbsp;dentro da&nbsp;unidade da federa\u00e7\u00e3o onde concorreu \u00e0 vaga, a crit\u00e9rio do instituto. \u201cA classifica\u00e7\u00e3o obtida pelo candidato aprovado no concurso n\u00e3o gera para si o direito de escolher a unidade de seu exerc\u00edcio\u201d, detalha o documento.<\/p>\n\n\n\n<p><strong>Nos&nbsp;primeiros&nbsp;36&nbsp;meses,&nbsp;a&nbsp;partir&nbsp;da&nbsp;entrada&nbsp;no cargo, n\u00e3o&nbsp;poder\u00e1&nbsp;haver&nbsp;remo\u00e7\u00e3o&nbsp;do aprovado, somente por interesse da administra\u00e7\u00e3o do Ibama<\/strong>.<br><\/p>\n","protected":false},"excerpt":{"rendered":"<p>Exame est\u00e1 marcado para dia 6 de abril em todas as capitais Por Daniella Almeida<\/p>\n","protected":false},"author":2,"featured_media":101514,"comment_status":"open","ping_status":"open","sticky":false,"template":"","format":"standard","meta":{"footnotes":""},"categories":[17],"tags":[],"class_list":["post-101513","post","type-post","status-publish","format-standard","has-post-thumbnail","hentry","category-outras-noticias"],"_links":{"self":[{"href":"https:\/\/tvc16.com\/portal\/wp-json\/wp\/v2\/posts\/101513","targetHints":{"allow":["GET"]}}],"collection":[{"href":"https:\/\/tvc16.com\/portal\/wp-json\/wp\/v2\/posts"}],"about":[{"href":"https:\/\/tvc16.com\/portal\/wp-json\/wp\/v2\/types\/post"}],"author":[{"embeddable":true,"href":"https:\/\/tvc16.com\/portal\/wp-json\/wp\/v2\/users\/2"}],"replies":[{"embeddable":true,"href":"https:\/\/tvc16.com\/portal\/wp-json\/wp\/v2\/comments?post=101513"}],"version-history":[{"count":1,"href":"https:\/\/tvc16.com\/portal\/wp-json\/wp\/v2\/posts\/101513\/revisions"}],"predecessor-version":[{"id":101515,"href":"https:\/\/tvc16.com\/portal\/wp-json\/wp\/v2\/posts\/101513\/revisions\/101515"}],"wp:featuredmedia":[{"embeddable":true,"href":"https:\/\/tvc16.com\/portal\/wp-json\/wp\/v2\/media\/101514"}],"wp:attachment":[{"href":"https:\/\/tvc16.com\/portal\/wp-json\/wp\/v2\/media?parent=101513"}],"wp:term":[{"taxonomy":"category","embeddable":true,"href":"https:\/\/tvc16.com\/portal\/wp-json\/wp\/v2\/categories?post=101513"},{"taxonomy":"post_tag","embeddable":true,"href":"https:\/\/tvc16.com\/portal\/wp-json\/wp\/v2\/tags?post=101513"}],"curies":[{"name":"wp","href":"https:\/\/api.w.org\/{rel}","templated":true}]}}