{"id":101519,"date":"2025-03-31T06:00:00","date_gmt":"2025-03-31T09:00:00","guid":{"rendered":"https:\/\/tvc16.com\/portal\/?p=101519"},"modified":"2025-03-28T19:53:03","modified_gmt":"2025-03-28T22:53:03","slug":"petropolis-tera-rodas-de-samba-abertas-ao-publico-no-mes-de-maio-com-repertorio-de-mulheres-que-fizeram-historia-no-samba","status":"publish","type":"post","link":"https:\/\/tvc16.com\/portal\/2025\/03\/31\/petropolis-tera-rodas-de-samba-abertas-ao-publico-no-mes-de-maio-com-repertorio-de-mulheres-que-fizeram-historia-no-samba\/","title":{"rendered":"Petr\u00f3polis ter\u00e1 rodas de samba abertas ao p\u00fablico no m\u00eas de maio com repert\u00f3rio de mulheres que fizeram hist\u00f3ria no samba"},"content":{"rendered":"\n<p><em>Apresenta\u00e7\u00f5es v\u00e3o ocorrer na Pra\u00e7a da Liberdade e no Coreto da Mosela. Programa\u00e7\u00e3o faz parte do projeto&nbsp;<\/em>&#8220;Mulheres no Samba: uma Hist\u00f3ria Cantada&#8221;, criado pelos m\u00fasicos Maria Swenson e Jo\u00e3o Victor Ramos<\/p>\n\n\n\n<p>Em maio, Petr\u00f3polis receber\u00e1 o projeto &#8220;Mulheres no Samba: uma Hist\u00f3ria Cantada&#8221;, com rodas de samba abertas ao p\u00fablico. A iniciativa visa celebrar e divulgar as contribui\u00e7\u00f5es de Beth Carvalho, Clara Nunes e Dona Ivone Lara ao samba, reconhecido como Patrim\u00f4nio Cultural Imaterial do Brasil e da Humanidade.<\/p>\n\n\n\n<p>As apresenta\u00e7\u00f5es ser\u00e3o nos dias 4 e 18 de maio, \u00e0s 15h30, na Pra\u00e7a da Liberdade e no Coreto da Mosela, respectivamente. O evento combinar\u00e1 narrativas e can\u00e7\u00f5es que destacam a import\u00e2ncia dessas mulheres na hist\u00f3ria do samba. No repert\u00f3rio, m\u00fasicas como \u201cAndan\u00e7a, Tend\u00eancia\u201d, de Beth Carvalho; \u201cAcreditar, Sonho meu\u201d, da Dona Ivone Lara; e \u201cO mar serenou, Canto das Tr\u00eas Ra\u00e7as\u201d, de Clara Nunes.<\/p>\n\n\n\n<p>O projeto foi idealizado pelos jovens Maria Swenson e Jo\u00e3o Victor Ramos. Maria tem 22 anos e uma trajet\u00f3ria no meio musical desde os 6 anos de idade. Ela tem experi\u00eancia em piano e vem descobrindo paix\u00f5es pelo mundo da percuss\u00e3o e dos sopros. Em 2025, al\u00e9m de &#8220;Mulheres no Samba&#8221;, Maria participa do projeto &#8220;Funambule: vitrine sonora e encontros musicais&#8221;.<\/p>\n\n\n\n<p>Jo\u00e3o Victor Ramos, tamb\u00e9m de 22 anos, \u00e9 um m\u00fasico com um background familiar no samba e choro. Com experi\u00eancia no ensino de m\u00fasica e performances internacionais, com turn\u00eas pela Su\u00e9cia, atualmente cursa Arranjo\/MPB na UNIRIO e se dedica ao ensino de cavaquinho e viol\u00e3o.<\/p>\n\n\n\n<p>O grupo musical que ir\u00e1 apresentar o projeto \u00e9 composto ainda por Yuri Garrido, na bateria, Jo\u00e3o Pedro Gomes, no viol\u00e3o de 7 cordas; Sab\u00e3o Batukda, na percuss\u00e3o; e Maria Baixaria, no clarinete.&nbsp;<\/p>\n\n\n\n<p>O projeto Mulheres no Samba: Uma Hist\u00f3ria Cantada \u00e9 realizado pela Pol\u00edtica Nacional Aldir Blanc de fomento \u00e0 cultura promovida pelo Governo Federal, por meio do Minist\u00e9rio da Cultura, com apoio da Prefeitura de Petr\u00f3polis e o Fundo Municipal de Cultura.<\/p>\n\n\n\n<p><strong>Servi\u00e7o:&nbsp;<\/strong><\/p>\n\n\n\n<p><strong>Projeto &#8220;Mulheres no Samba: Uma Hist\u00f3ria Cantada&#8221;<\/strong><\/p>\n\n\n\n<p><strong>Data e Local das Apresenta\u00e7\u00f5es:<\/strong><\/p>\n\n\n\n<ul class=\"wp-block-list\">\n<li><strong>04 de maio:<\/strong> Pra\u00e7a da Liberdade, \u00e0s 15h30.<br><\/li>\n\n\n\n<li><strong>18 de maio:<\/strong> Coreto da Mosela, \u00e0s 15h30.<br><\/li>\n<\/ul>\n\n\n\n<p><strong>Entrada gratuita<\/strong><\/p>\n","protected":false},"excerpt":{"rendered":"<p>Apresenta\u00e7\u00f5es v\u00e3o ocorrer na Pra\u00e7a da Liberdade e no Coreto da Mosela. Programa\u00e7\u00e3o faz parte<\/p>\n","protected":false},"author":2,"featured_media":101520,"comment_status":"open","ping_status":"open","sticky":false,"template":"","format":"standard","meta":{"footnotes":""},"categories":[12],"tags":[],"class_list":["post-101519","post","type-post","status-publish","format-standard","has-post-thumbnail","hentry","category-cidade"],"_links":{"self":[{"href":"https:\/\/tvc16.com\/portal\/wp-json\/wp\/v2\/posts\/101519","targetHints":{"allow":["GET"]}}],"collection":[{"href":"https:\/\/tvc16.com\/portal\/wp-json\/wp\/v2\/posts"}],"about":[{"href":"https:\/\/tvc16.com\/portal\/wp-json\/wp\/v2\/types\/post"}],"author":[{"embeddable":true,"href":"https:\/\/tvc16.com\/portal\/wp-json\/wp\/v2\/users\/2"}],"replies":[{"embeddable":true,"href":"https:\/\/tvc16.com\/portal\/wp-json\/wp\/v2\/comments?post=101519"}],"version-history":[{"count":1,"href":"https:\/\/tvc16.com\/portal\/wp-json\/wp\/v2\/posts\/101519\/revisions"}],"predecessor-version":[{"id":101521,"href":"https:\/\/tvc16.com\/portal\/wp-json\/wp\/v2\/posts\/101519\/revisions\/101521"}],"wp:featuredmedia":[{"embeddable":true,"href":"https:\/\/tvc16.com\/portal\/wp-json\/wp\/v2\/media\/101520"}],"wp:attachment":[{"href":"https:\/\/tvc16.com\/portal\/wp-json\/wp\/v2\/media?parent=101519"}],"wp:term":[{"taxonomy":"category","embeddable":true,"href":"https:\/\/tvc16.com\/portal\/wp-json\/wp\/v2\/categories?post=101519"},{"taxonomy":"post_tag","embeddable":true,"href":"https:\/\/tvc16.com\/portal\/wp-json\/wp\/v2\/tags?post=101519"}],"curies":[{"name":"wp","href":"https:\/\/api.w.org\/{rel}","templated":true}]}}