{"id":101523,"date":"2025-03-29T06:00:00","date_gmt":"2025-03-29T09:00:00","guid":{"rendered":"https:\/\/tvc16.com\/portal\/?p=101523"},"modified":"2025-03-28T18:36:33","modified_gmt":"2025-03-28T21:36:33","slug":"domingo-no-parque-mais-uma-edicao-repleta-de-diversao-e-alegria-no-centro-da-cidade","status":"publish","type":"post","link":"https:\/\/tvc16.com\/portal\/2025\/03\/29\/domingo-no-parque-mais-uma-edicao-repleta-de-diversao-e-alegria-no-centro-da-cidade\/","title":{"rendered":"\u2018Domingo no Parque\u2019: mais uma edi\u00e7\u00e3o repleta de divers\u00e3o e alegria no centro da cidade"},"content":{"rendered":"\n<p>Chegamos \u00e0 8\u00aa edi\u00e7\u00e3o do \u2018Domingo no Parque\u2019, um evento voltado especialmente pensando para fam\u00edlias e crian\u00e7as, com muita&nbsp;divers\u00e3o, lazer e entretenimento garantidos.&nbsp;Um passeio que ningu\u00e9m pode&nbsp; perder e nem ficar de fora.<\/p>\n\n\n\n<p>Novamente, a Pra\u00e7a Ol\u00edmpica, das 9h \u00e0s 14h, e o Parque Regadas, das 9h \u00e0s 17h, ser\u00e3o palco de muitas atividades gratuitas,&nbsp;garantindo sorrisos, momentos especiais e registros incr\u00edveis para todos. A entrada \u00e9 gratuita.<\/p>\n\n\n\n<p>O evento \u00e9 realizado pela Prefeitura de Teres\u00f3polis, por meio das secretarias municipais de Seguran\u00e7a, Ordem P\u00fablica e Mobilidade, e de Turismo, em parceria&nbsp; com outras pastas.<\/p>\n\n\n\n<p>Confira a programa\u00e7\u00e3o, marque na sua agenda e venha desfrutar deste dia m\u00e1gico conosco. Estamos ansiosos pela sua presen\u00e7a!<\/p>\n\n\n\n<p><strong>PROGRAMA\u00c7\u00c3O GRATUITA:<\/strong><\/p>\n\n\n\n<p><strong>Pra\u00e7a Ol\u00edmpica &#8211; das 9h \u00e0s 14h<\/strong><\/p>\n\n\n\n<p>DJ confirmado!<\/p>\n\n\n\n<p>\u00b7 Prepare-se para muita m\u00fasica, dan\u00e7a e divers\u00e3o!<\/p>\n\n\n\n<p>Guloseimas deliciosas para os pequenos (e os grandes!)<\/p>\n\n\n\n<p>\u00b7 A magia do algod\u00e3o-doce fofinho e da pipoca crocante e quentinha para deixar o dia mais feliz!<\/p>\n\n\n\n<p>Brinquedos infl\u00e1veis<\/p>\n\n\n\n<p>\u00b7 Para gastar bastante energia e curtir de mont\u00e3o!<\/p>\n\n\n\n<p>Presen\u00e7a confirmada!<\/p>\n\n\n\n<p>\u00b7 Feira de artes\u00e3os do Coletivo de M\u00e3es Empreendedoras de Teres\u00f3polis (CMAET) e da feira de artes\u00e3s \u2018Artes da Serra de Teres\u00f3polis\u2019<br>&nbsp;Exposi\u00e7\u00e3o e venda dos trabalhos: prestigie o talento dos artes\u00e3os teresopolitanos e se encante com a riqueza do nosso artesanato!<\/p>\n\n\n\n<p>Estande de Educa\u00e7\u00e3o Ambiental da Secretaria de Meio Ambiente<\/p>\n\n\n\n<p>\u00b7 Participe da troca sustent\u00e1vel! Leve 500ml a 1l de \u00f3leo de cozinha usado e troque por mudas de \u00e1rvores de esp\u00e9cies nativas. Experencie elementos da natureza atrav\u00e9s de atividades ambientais com mostra de serpentes e desenho livre.<\/p>\n\n\n\n<p>Toca da Ci\u00eancia:&nbsp;divers\u00e3o e aprendizado para toda a fam\u00edlia!<\/p>\n\n\n\n<p>\u00b7 Desfrute de experi\u00eancias incr\u00edveis no campo da ci\u00eancia de forma interativa e mergulhe no mundo da curiosidade.<\/p>\n\n\n\n<p>\u00b7 E MUITO MAIS!<\/p>\n\n\n\n<p><strong>Parque Regadas &#8211; das 9h \u00e0s 17h<\/strong><\/p>\n\n\n\n<p>Espa\u00e7o livre para divers\u00e3o e movimento!<\/p>\n\n\n\n<p>Venha andar de bike<\/p>\n\n\n\n<p>\u00b7 Pedalar estimula a libera\u00e7\u00e3o de endorfina e aumenta os n\u00edveis de serotonina.&nbsp;Fa\u00e7a manobras com o skate: cair, levantar e claro, n\u00e3o deixar de aproveitar!<\/p>\n\n\n\n<p>Traga os seus patins e venha patinar com a gente!<\/p>\n\n\n\n<p>\u00b7 Vamos juntos adquirir equil\u00edbrio, coordena\u00e7\u00e3o e bem-estar.<\/p>\n\n\n\n<p>Fa\u00e7a uma caminhada em fam\u00edlia<\/p>\n\n\n\n<p>\u00b7 Aproveite para relaxar, se exercitar e colocar os papos em dia!<\/p>\n","protected":false},"excerpt":{"rendered":"<p>Chegamos \u00e0 8\u00aa edi\u00e7\u00e3o do \u2018Domingo no Parque\u2019, um evento voltado especialmente pensando para fam\u00edlias<\/p>\n","protected":false},"author":2,"featured_media":101524,"comment_status":"open","ping_status":"open","sticky":false,"template":"","format":"standard","meta":{"footnotes":""},"categories":[17],"tags":[],"class_list":["post-101523","post","type-post","status-publish","format-standard","has-post-thumbnail","hentry","category-outras-noticias"],"_links":{"self":[{"href":"https:\/\/tvc16.com\/portal\/wp-json\/wp\/v2\/posts\/101523","targetHints":{"allow":["GET"]}}],"collection":[{"href":"https:\/\/tvc16.com\/portal\/wp-json\/wp\/v2\/posts"}],"about":[{"href":"https:\/\/tvc16.com\/portal\/wp-json\/wp\/v2\/types\/post"}],"author":[{"embeddable":true,"href":"https:\/\/tvc16.com\/portal\/wp-json\/wp\/v2\/users\/2"}],"replies":[{"embeddable":true,"href":"https:\/\/tvc16.com\/portal\/wp-json\/wp\/v2\/comments?post=101523"}],"version-history":[{"count":1,"href":"https:\/\/tvc16.com\/portal\/wp-json\/wp\/v2\/posts\/101523\/revisions"}],"predecessor-version":[{"id":101525,"href":"https:\/\/tvc16.com\/portal\/wp-json\/wp\/v2\/posts\/101523\/revisions\/101525"}],"wp:featuredmedia":[{"embeddable":true,"href":"https:\/\/tvc16.com\/portal\/wp-json\/wp\/v2\/media\/101524"}],"wp:attachment":[{"href":"https:\/\/tvc16.com\/portal\/wp-json\/wp\/v2\/media?parent=101523"}],"wp:term":[{"taxonomy":"category","embeddable":true,"href":"https:\/\/tvc16.com\/portal\/wp-json\/wp\/v2\/categories?post=101523"},{"taxonomy":"post_tag","embeddable":true,"href":"https:\/\/tvc16.com\/portal\/wp-json\/wp\/v2\/tags?post=101523"}],"curies":[{"name":"wp","href":"https:\/\/api.w.org\/{rel}","templated":true}]}}