{"id":101526,"date":"2025-03-29T09:00:00","date_gmt":"2025-03-29T12:00:00","guid":{"rendered":"https:\/\/tvc16.com\/portal\/?p=101526"},"modified":"2025-03-28T19:50:07","modified_gmt":"2025-03-28T22:50:07","slug":"negativados-no-pais-seguem-em-alta-56-em-petropolis-tem-dividas","status":"publish","type":"post","link":"https:\/\/tvc16.com\/portal\/2025\/03\/29\/negativados-no-pais-seguem-em-alta-56-em-petropolis-tem-dividas\/","title":{"rendered":"Negativados no pa\u00eds seguem em alta; 56% em Petr\u00f3polis t\u00eam d\u00edvidas"},"content":{"rendered":"\n<p>A quantidade de negativados no pa\u00eds alcan\u00e7ou 68,76 milh\u00f5es de consumidores. Em compara\u00e7\u00e3o com fevereiro de 2024, o percentual de inadimplentes do Brasil teve crescimento de 3,22% em fevereiro de 2025. Na passagem de janeiro para fevereiro deste ano, o n\u00famero de devedores caiu 0,04%, um percentual reduzido. A pesquisa da Confedera\u00e7\u00e3o Nacional de Dirigentes Lojistas (CNDL) e do Servi\u00e7o de Prote\u00e7\u00e3o ao Cr\u00e9dito (SPC Brasil), mostra que 41,5% da popula\u00e7\u00e3o adulta do pa\u00eds estava negativada no m\u00eas passado. Em Petr\u00f3polis, a estimativa \u00e9 que cerca de 130 mil pessoas estejam inadimplentes em uma popula\u00e7\u00e3o adulta de 232 mil pessoas, ou seja, 56% t\u00eam d\u00edvidas.<\/p>\n\n\n\n<p>O presidente da C\u00e2mara de Dirigentes Lojistas de Petr\u00f3polis (CDL), Cl\u00e1udio Mohammad, destaca a preocupa\u00e7\u00e3o do setor com essa realidade. &#8220;Quando falamos de 130 mil inadimplentes, n\u00e3o estamos tratando de n\u00fameros abstratos. S\u00e3o consumidores locais que, ao terem o cr\u00e9dito restrito, reduzem seu poder de compra, afetando diretamente os lojistas e a economia da cidade&#8221;, afirma Mohammad.<\/p>\n\n\n\n<p>O crescimento da inadimpl\u00eancia acompanha fatores como juros elevados e a infla\u00e7\u00e3o, que impactam a capacidade financeira das fam\u00edlias. No Brasil, cada inadimplente tem, em m\u00e9dia, uma d\u00edvida de R$ 4.650,21 e deve para mais de duas empresas credoras. No com\u00e9rcio, houve uma queda de 6,51% no total de d\u00edvidas em atraso, mas o setor banc\u00e1rio segue liderando as cobran\u00e7as, com crescimento de 8,62% nas d\u00edvidas registradas.<\/p>\n\n\n\n<p>Para os lojistas, a restri\u00e7\u00e3o ao cr\u00e9dito impacta as vendas e dificulta a retomada da economia. &#8220;A inadimpl\u00eancia gera um efeito domin\u00f3 que afeta toda a cadeia produtiva. Quando o consumidor deixa de pagar, o lojista tamb\u00e9m enfrenta dificuldades para honrar seus compromissos&#8221;, explica Mohammad.<\/p>\n\n\n\n<p>Estrat\u00e9gias como renegocia\u00e7\u00e3o de d\u00edvidas, promo\u00e7\u00e3o da educa\u00e7\u00e3o financeira e programas de regulariza\u00e7\u00e3o s\u00e3o apontadas como solu\u00e7\u00f5es para conter o problema. &#8220;A conscientiza\u00e7\u00e3o financeira \u00e9 fundamental. O consumidor precisa entender a import\u00e2ncia de equilibrar suas finan\u00e7as para que possa manter sua capacidade de consumo de forma sustent\u00e1vel&#8221;, aponta o presidente da CDL Petr\u00f3polis.&nbsp;<\/p>\n","protected":false},"excerpt":{"rendered":"<p>A quantidade de negativados no pa\u00eds alcan\u00e7ou 68,76 milh\u00f5es de consumidores. Em compara\u00e7\u00e3o com fevereiro<\/p>\n","protected":false},"author":2,"featured_media":101527,"comment_status":"open","ping_status":"open","sticky":false,"template":"","format":"standard","meta":{"footnotes":""},"categories":[12],"tags":[],"class_list":["post-101526","post","type-post","status-publish","format-standard","has-post-thumbnail","hentry","category-cidade"],"_links":{"self":[{"href":"https:\/\/tvc16.com\/portal\/wp-json\/wp\/v2\/posts\/101526","targetHints":{"allow":["GET"]}}],"collection":[{"href":"https:\/\/tvc16.com\/portal\/wp-json\/wp\/v2\/posts"}],"about":[{"href":"https:\/\/tvc16.com\/portal\/wp-json\/wp\/v2\/types\/post"}],"author":[{"embeddable":true,"href":"https:\/\/tvc16.com\/portal\/wp-json\/wp\/v2\/users\/2"}],"replies":[{"embeddable":true,"href":"https:\/\/tvc16.com\/portal\/wp-json\/wp\/v2\/comments?post=101526"}],"version-history":[{"count":1,"href":"https:\/\/tvc16.com\/portal\/wp-json\/wp\/v2\/posts\/101526\/revisions"}],"predecessor-version":[{"id":101528,"href":"https:\/\/tvc16.com\/portal\/wp-json\/wp\/v2\/posts\/101526\/revisions\/101528"}],"wp:featuredmedia":[{"embeddable":true,"href":"https:\/\/tvc16.com\/portal\/wp-json\/wp\/v2\/media\/101527"}],"wp:attachment":[{"href":"https:\/\/tvc16.com\/portal\/wp-json\/wp\/v2\/media?parent=101526"}],"wp:term":[{"taxonomy":"category","embeddable":true,"href":"https:\/\/tvc16.com\/portal\/wp-json\/wp\/v2\/categories?post=101526"},{"taxonomy":"post_tag","embeddable":true,"href":"https:\/\/tvc16.com\/portal\/wp-json\/wp\/v2\/tags?post=101526"}],"curies":[{"name":"wp","href":"https:\/\/api.w.org\/{rel}","templated":true}]}}