{"id":101529,"date":"2025-03-29T07:30:00","date_gmt":"2025-03-29T10:30:00","guid":{"rendered":"https:\/\/tvc16.com\/portal\/?p=101529"},"modified":"2025-03-28T19:45:46","modified_gmt":"2025-03-28T22:45:46","slug":"camara-monta-grupo-de-trabalho-para-combater-transporte-clandestino-em-petropolis","status":"publish","type":"post","link":"https:\/\/tvc16.com\/portal\/2025\/03\/29\/camara-monta-grupo-de-trabalho-para-combater-transporte-clandestino-em-petropolis\/","title":{"rendered":"C\u00e2mara monta grupo de trabalho para combater transporte clandestino em Petr\u00f3polis"},"content":{"rendered":"\n<p><em>Em reuni\u00e3o, for\u00e7as de seguran\u00e7a e autoridades municipais buscam solu\u00e7\u00f5es para coibir a pr\u00e1tica<\/em><\/p>\n\n\n\n<p>A Comiss\u00e3o de Transporte e Mobilidade da C\u00e2mara Municipal est\u00e1 montando um Grupo de Trabalho para fiscalizar e buscar solu\u00e7\u00f5es para coibir o transporte clandestino em Petr\u00f3polis. A medida foi tomada pelo presidente da Comiss\u00e3o, vereador Thiago Damaceno, ap\u00f3s um encontro que reuniu for\u00e7as de seguran\u00e7a e autoridades do governo municipal para debater o assunto.<\/p>\n\n\n\n<p>A reuni\u00e3o foi convocada por Damaceno ap\u00f3s uma s\u00e9rie de reclama\u00e7\u00f5es e den\u00fancias sobre o transporte clandestino, por parte de motoristas de t\u00e1xi e de aplicativos. Participaram da reuni\u00e3o representantes das Pol\u00edcias Civil e Militar, al\u00e9m de integrantes da Companhia Petropolitana de Tr\u00e2nsito e Transportes (CPTrans) e da Secretaria de Servi\u00e7os, Seguran\u00e7a e Ordem P\u00fablica (SSOP) da Prefeitura. A diretoria da Associa\u00e7\u00e3o dos Taxistas de Petr\u00f3polis (Astape) tamb\u00e9m esteve presente.<\/p>\n\n\n\n<p>&#8220;O transporte clandestino de passageiros \u00e9 um crime que prejudica os profissionais que seguem as regras e coloca os passageiros em risco, uma vez que n\u00e3o h\u00e1 qualquer acompanhamento. Por isso, estamos somando esfor\u00e7os para refor\u00e7ar essa fiscaliza\u00e7\u00e3o e coibir a pr\u00e1tica irregular. Transporte seguro \u00e9 transporte legal!&#8221;, disse Thiago Damaceno.<\/p>\n\n\n\n<p>O presidente da Astape, Josemar Abreu Carvalho, comemorou os resultados da reuni\u00e3o. &#8220;Foi um encontro muito proveitoso, que j\u00e1 trouxe ideias, como a forma\u00e7\u00e3o do grupo de trabalho. Acredito que vamos ter bons frutos. A situa\u00e7\u00e3o est\u00e1 fugindo do controle e isso traz danos para n\u00f3s, motoristas, e para o pr\u00f3prio transporte p\u00fablico, e precisa ser resolvida&#8221;, afirmou.<\/p>\n\n\n\n<p><strong>Conv\u00eanios com Detro e PROEIS podem ajudar a combater a ilegalidade<\/strong><\/p>\n\n\n\n<p>Entre as solu\u00e7\u00f5es poss\u00edveis para combater o transporte clandestino est\u00e3o o estabelecimento de conv\u00eanios do munic\u00edpio com o Departamento de Transportes Rodovi\u00e1rios (Detro). Outra a\u00e7\u00e3o mencionada foi a implanta\u00e7\u00e3o em Petr\u00f3polis do PROEIS (Programa Estadual de Integra\u00e7\u00e3o de Seguran\u00e7a), um conv\u00eanio entre a Prefeitura e a Pol\u00edcia Militar.<\/p>\n\n\n\n<p>&#8220;Com o PROEIS, o munic\u00edpio remunera a folga dos agentes da PM para que eles trabalhem, neste per\u00edodo, sob orienta\u00e7\u00e3o do munic\u00edpio e inclusive com o uso de viaturas caracterizadas. Entendemos que esta pode ser uma solu\u00e7\u00e3o para ampliar o combate a essa a\u00e7\u00e3o criminosa. Da mesma forma, o Detro realiza, constantemente, a\u00e7\u00f5es para coibir o transporte irregular. Uma integra\u00e7\u00e3o maior com o munic\u00edpio vai permitir a amplia\u00e7\u00e3o dessa fiscaliza\u00e7\u00e3o, inclusive impedindo que motoristas de fora da cidade venham para c\u00e1 agir de forma ilegal&#8221;, disse o vereador.<\/p>\n\n\n\n<p><strong>Campanha de conscientiza\u00e7\u00e3o<\/strong><\/p>\n\n\n\n<p>Conscientizar sobre a necessidade de utilizar apenas o transporte legalizado tamb\u00e9m est\u00e1 no radar do grupo de trabalho. Durante a reuni\u00e3o, foi sugerida uma grande campanha publicit\u00e1ria para informar sobre os riscos do transporte clandestino.<\/p>\n\n\n\n<p>&#8220;A recomenda\u00e7\u00e3o \u00e9 que o usu\u00e1rio utilize o transporte p\u00fablico ou alternativas como o t\u00e1xi e os pr\u00f3prios aplicativos, mas de forma oficial. O servi\u00e7o clandestino n\u00e3o passa por qualquer regula\u00e7\u00e3o, o que causa um grande risco para o pr\u00f3prio usu\u00e1rio em caso de acidente, por exemplo. Portanto, \u00e9 preciso alertar. Usar o transporte regular, al\u00e9m de ser um ato de cidadania, \u00e9 muito mais seguro&#8221;, disse o presidente da Comiss\u00e3o de Transporte e Mobilidade da C\u00e2mara.<\/p>\n","protected":false},"excerpt":{"rendered":"<p>Em reuni\u00e3o, for\u00e7as de seguran\u00e7a e autoridades municipais buscam solu\u00e7\u00f5es para coibir a pr\u00e1tica A<\/p>\n","protected":false},"author":2,"featured_media":101530,"comment_status":"open","ping_status":"open","sticky":false,"template":"","format":"standard","meta":{"footnotes":""},"categories":[12],"tags":[],"class_list":["post-101529","post","type-post","status-publish","format-standard","has-post-thumbnail","hentry","category-cidade"],"_links":{"self":[{"href":"https:\/\/tvc16.com\/portal\/wp-json\/wp\/v2\/posts\/101529","targetHints":{"allow":["GET"]}}],"collection":[{"href":"https:\/\/tvc16.com\/portal\/wp-json\/wp\/v2\/posts"}],"about":[{"href":"https:\/\/tvc16.com\/portal\/wp-json\/wp\/v2\/types\/post"}],"author":[{"embeddable":true,"href":"https:\/\/tvc16.com\/portal\/wp-json\/wp\/v2\/users\/2"}],"replies":[{"embeddable":true,"href":"https:\/\/tvc16.com\/portal\/wp-json\/wp\/v2\/comments?post=101529"}],"version-history":[{"count":1,"href":"https:\/\/tvc16.com\/portal\/wp-json\/wp\/v2\/posts\/101529\/revisions"}],"predecessor-version":[{"id":101531,"href":"https:\/\/tvc16.com\/portal\/wp-json\/wp\/v2\/posts\/101529\/revisions\/101531"}],"wp:featuredmedia":[{"embeddable":true,"href":"https:\/\/tvc16.com\/portal\/wp-json\/wp\/v2\/media\/101530"}],"wp:attachment":[{"href":"https:\/\/tvc16.com\/portal\/wp-json\/wp\/v2\/media?parent=101529"}],"wp:term":[{"taxonomy":"category","embeddable":true,"href":"https:\/\/tvc16.com\/portal\/wp-json\/wp\/v2\/categories?post=101529"},{"taxonomy":"post_tag","embeddable":true,"href":"https:\/\/tvc16.com\/portal\/wp-json\/wp\/v2\/tags?post=101529"}],"curies":[{"name":"wp","href":"https:\/\/api.w.org\/{rel}","templated":true}]}}