{"id":10153,"date":"2021-02-07T11:51:00","date_gmt":"2021-02-07T14:51:00","guid":{"rendered":"https:\/\/tvc16.com\/portal\/?p=10153"},"modified":"2021-02-07T11:51:03","modified_gmt":"2021-02-07T14:51:03","slug":"prefeito-interino-hingo-hammes-e-o-secretario-de-saude-aloisio-barbosa-estao-cobrando-dos-governos-federal-e-estadual-distribuicao-proporcional-das-vacinas-contra-o-coronavirus-aos-municipios","status":"publish","type":"post","link":"https:\/\/tvc16.com\/portal\/2021\/02\/07\/prefeito-interino-hingo-hammes-e-o-secretario-de-saude-aloisio-barbosa-estao-cobrando-dos-governos-federal-e-estadual-distribuicao-proporcional-das-vacinas-contra-o-coronavirus-aos-municipios\/","title":{"rendered":"Prefeito interino Hingo Hammes e o secret\u00e1rio de Sa\u00fade, Aloisio Barbosa, est\u00e3o cobrando dos governos Federal e Estadual distribui\u00e7\u00e3o proporcional das vacinas contra o coronav\u00edrus aos munic\u00edpios"},"content":{"rendered":"\n<p>O pedido, que ser\u00e1 feito pessoalmente esta semana em reuni\u00f5es em Bras\u00edlia e no Rio de Janeiro, tem como objetivo permitir que todos os munic\u00edpios avancem simultaneamente na campanha de vacina\u00e7\u00e3o. Nas \u00faltimas semanas, a entrega de quantidades maiores \u00e0s capitais permitiu que, nessas regi\u00f5es, os idosos j\u00e1 come\u00e7assem a ser vacinados. Petr\u00f3polis, at\u00e9 o momento, recebeu 9 mil doses de vacinas, o que representa 33% do total necess\u00e1rio para a vacina\u00e7\u00e3o do p\u00fablico priorit\u00e1rio previsto na primeira etapa dos trabalhos.<br>\u201cTemos um grande n\u00famero de idosos em Petr\u00f3polis e eles s\u00e3o prioridade nesta campanha. Esperamos, durante a semana, conseguir anunciar o in\u00edcio desta nova etapa, com a abertura do primeiro drive thru para vacinar os idosos. Queremos definir um calend\u00e1rio de vacina\u00e7\u00e3o mas, para isso, precisamos que o Estado fa\u00e7a a divis\u00e3o proporcional das vacinas. Hoje estamos trabalhando no escuro, sem conseguir prever quantas vacinas vamos receber. Essa distribui\u00e7\u00e3o proporcional \u00e9 necess\u00e1ria . \u00c9 o justo com toda a popula\u00e7\u00e3o fluminense\u201d, afirmou o prefeito interino Hingo Hammes.<br>O secret\u00e1rio de Sa\u00fade Aloisio Barbosa lembrou que toda a equipe da secretaria vem se empenhando no trabalho. \u201cEstamos, neste momento, trabalhando para concluir a vacina\u00e7\u00e3o de trabalhadores de unidades de sa\u00fade e fazendo as contas porque muitos trabalham tamb\u00e9m em outros munic\u00edpios e j\u00e1 tomaram a vacina em outras cidades. Acreditamos que, com as remessas que j\u00e1 temos, seja poss\u00edvel acabar de vacinar estes profissionais e avan\u00e7ar o quanto antes para a vacina\u00e7\u00e3o dos idosos. Hoje o que mais nos preocupa \u00e9 que as remessas de vacina que estamos recebendo s\u00e3o insuficientes para cobrir todo o p\u00fablico previsto na primeira fase da campanha\u201d, explicou.<br>A partir da pr\u00f3xima quarta-feira (10), a Campanha de Vacina\u00e7\u00e3o contra a Covid-19 entrar\u00e1 em uma nova etapa na Cidade, quando ser\u00e1 iniciada a aplica\u00e7\u00e3o da segunda dose da vacina da Coronavac ao p\u00fablico priorit\u00e1rio, vacinado na primeira etapa. O calend\u00e1rio desta etapa seguir\u00e1 a mesma sequ\u00eancia anterior para imunizar os profissionais de sa\u00fade que atuam na linha de frente no combate ao coronav\u00edrus, idosos acima de 60 anos residentes em institui\u00e7\u00f5es de longa perman\u00eancia e maiores de 18 anos que vivem em resid\u00eancias inclusivas. Ao mesmo tempo, nossas equipes estar\u00e3o vacinando os trabalhadores da sa\u00fade, tanto nas unidades hospitalares como nas institui\u00e7\u00f5es de longa perman\u00eancia, que n\u00e3o foram contemplados na primeira etapa.<br>Um ponto fixo tamb\u00e9m ser\u00e1 montado no Hospital Municipal Nelson S\u00e1 Earp (HMNSE). Uma equipe de enfermagem ficar\u00e1 no hospital para atender trabalhadores das UBS\u2019s e PSF\u2019s que por algum motivo n\u00e3o puderam ser vacinados nas suas unidades de origem\u201d, explicou Aloisio Barbosa. Para serem vacinados no HMNSE, os trabalhadores precisam apresentar documento com foto que comprove o v\u00ednculo com a Unidade.<\/p>\n","protected":false},"excerpt":{"rendered":"<p>O pedido, que ser\u00e1 feito pessoalmente esta semana em reuni\u00f5es em Bras\u00edlia e no Rio<\/p>\n","protected":false},"author":2,"featured_media":10074,"comment_status":"open","ping_status":"open","sticky":false,"template":"","format":"standard","meta":{"footnotes":""},"categories":[12],"tags":[],"class_list":["post-10153","post","type-post","status-publish","format-standard","has-post-thumbnail","hentry","category-cidade"],"_links":{"self":[{"href":"https:\/\/tvc16.com\/portal\/wp-json\/wp\/v2\/posts\/10153","targetHints":{"allow":["GET"]}}],"collection":[{"href":"https:\/\/tvc16.com\/portal\/wp-json\/wp\/v2\/posts"}],"about":[{"href":"https:\/\/tvc16.com\/portal\/wp-json\/wp\/v2\/types\/post"}],"author":[{"embeddable":true,"href":"https:\/\/tvc16.com\/portal\/wp-json\/wp\/v2\/users\/2"}],"replies":[{"embeddable":true,"href":"https:\/\/tvc16.com\/portal\/wp-json\/wp\/v2\/comments?post=10153"}],"version-history":[{"count":1,"href":"https:\/\/tvc16.com\/portal\/wp-json\/wp\/v2\/posts\/10153\/revisions"}],"predecessor-version":[{"id":10154,"href":"https:\/\/tvc16.com\/portal\/wp-json\/wp\/v2\/posts\/10153\/revisions\/10154"}],"wp:featuredmedia":[{"embeddable":true,"href":"https:\/\/tvc16.com\/portal\/wp-json\/wp\/v2\/media\/10074"}],"wp:attachment":[{"href":"https:\/\/tvc16.com\/portal\/wp-json\/wp\/v2\/media?parent=10153"}],"wp:term":[{"taxonomy":"category","embeddable":true,"href":"https:\/\/tvc16.com\/portal\/wp-json\/wp\/v2\/categories?post=10153"},{"taxonomy":"post_tag","embeddable":true,"href":"https:\/\/tvc16.com\/portal\/wp-json\/wp\/v2\/tags?post=10153"}],"curies":[{"name":"wp","href":"https:\/\/api.w.org\/{rel}","templated":true}]}}