{"id":101532,"date":"2025-03-30T07:00:00","date_gmt":"2025-03-30T10:00:00","guid":{"rendered":"https:\/\/tvc16.com\/portal\/?p=101532"},"modified":"2025-03-28T19:43:31","modified_gmt":"2025-03-28T22:43:31","slug":"casa-de-petropolis-recebe-duo-neves-e-vasconcellos-na-proxima-semana","status":"publish","type":"post","link":"https:\/\/tvc16.com\/portal\/2025\/03\/30\/casa-de-petropolis-recebe-duo-neves-e-vasconcellos-na-proxima-semana\/","title":{"rendered":"Casa de Petr\u00f3polis recebe Duo Neves e Vasconcellos na pr\u00f3xima semana"},"content":{"rendered":"\n<p><em>Apresenta\u00e7\u00e3o contar\u00e1 com composi\u00e7\u00f5es autorais e arranjos originais de cl\u00e1ssicos da m\u00fasica brasileira. Ingressos est\u00e3o \u00e0 venda<\/em><\/p>\n\n\n\n<p>A Casa de Petr\u00f3polis Instituto de Cultura vai receber o Duo Neves e Vasconcellos para uma apresenta\u00e7\u00e3o \u00fanica de m\u00fasica instrumental brasileira no pr\u00f3ximo s\u00e1bado, 5 de abril, \u00e0s 19h. O duo, composto por Renata Neves e Louren\u00e7o Vasconcellos, promete uma noite de repert\u00f3rio diversificado e sofisticado, que inclui desde composi\u00e7\u00f5es autorais at\u00e9 arranjos originais de cl\u00e1ssicos da m\u00fasica brasileira.<\/p>\n\n\n\n<p>Renata Neves \u00e9 violinista e compositora, com uma trajet\u00f3ria marcante na m\u00fasica popular brasileira, juntamente com Louren\u00e7o Vasconcellos, baterista e vibrafonista, t\u00eam mais de 20 anos de experi\u00eancia e s\u00e3o figuras conhecidas na cena musical carioca. O duo foi formado em 2020, quando os m\u00fasicos, ent\u00e3o rec\u00e9m-casados, enfrentaram juntos a pandemia, per\u00edodo em que participaram de diversos festivais online e iniciaram o coletivo de compositores Autoral Atual. Este projeto resultou na grava\u00e7\u00e3o de mais de 50 programas no YouTube, ajudando-os a desenvolver um amplo repert\u00f3rio.<\/p>\n\n\n\n<p>O programa da noite na Casa de Petr\u00f3polis incluir\u00e1 can\u00e7\u00f5es como: &#8220;Mundo Verde Esperan\u00e7a&#8221; de Hermeto Pascoal, &#8220;Pitombeira&#8221; de Ignez Perdig\u00e3o e diversas obras autorais de Renata e Louren\u00e7o, tais como &#8220;Gargalhada da Mel&#8221;, &#8220;Elza&#8221; e &#8220;No Passinho do L\u00edrio&#8221;. Al\u00e9m disso, o duo apresentar\u00e1 &#8220;Aquele Nosso Choro&#8221; e &#8220;Rosa dos Sete Ventos&#8221;, composi\u00e7\u00f5es em colabora\u00e7\u00e3o com Philippe Powell, mostrando a versatilidade e profundidade musical do grupo.<\/p>\n\n\n\n<p>A&nbsp;Casa est\u00e1 localizada \u00e0 Avenida Ipiranga, n\u00ba 716, no Centro Hist\u00f3rico de Petr\u00f3polis. O local conta com estacionamento rotativo. Os ingressos podem ser adquiridos antecipadamente no site da Casa de Petr\u00f3polis no&nbsp;<a href=\"http:\/\/www.culturacasadepetropolis.com.br\/\" target=\"_blank\" rel=\"noreferrer noopener\">www.culturacasadepetropolis.com.br<\/a>&nbsp;ou na bilheteria do espa\u00e7o e&nbsp;custam R$ 20, a inteira, e R$ 10, a meia entrada.<\/p>\n\n\n\n<p><strong>Servi\u00e7o:&nbsp;<\/strong><\/p>\n\n\n\n<p><strong>Apresenta\u00e7\u00e3o do Duo Neves e Vasconcellos<\/strong><strong><br><\/strong><strong>Data e Hor\u00e1rio:&nbsp;<\/strong>S\u00e1bado, 5 de abril, \u00e0s 19h<br><\/p>\n\n\n\n<p><strong>Local:&nbsp;<\/strong>Casa de Petr\u00f3polis Instituto de Cultura<br>Endere\u00e7o: Avenida Ipiranga, n\u00ba 716, Centro Hist\u00f3rico de Petr\u00f3polis<\/p>\n\n\n\n<p><strong>Ingressos:&nbsp;<\/strong>R$ 20,00 (inteira)<br>R$ 10,00 (meia entrada)<br>Ingressos dispon\u00edveis no site<a href=\"http:\/\/www.culturacasadepetropolis.com.br\/\" target=\"_blank\" rel=\"noreferrer noopener\">&nbsp;www.culturacasadepetropolis.com.br<\/a>&nbsp;ou na bilheteria da Casa de Petr\u00f3polis<\/p>\n","protected":false},"excerpt":{"rendered":"<p>Apresenta\u00e7\u00e3o contar\u00e1 com composi\u00e7\u00f5es autorais e arranjos originais de cl\u00e1ssicos da m\u00fasica brasileira. Ingressos est\u00e3o<\/p>\n","protected":false},"author":2,"featured_media":101533,"comment_status":"open","ping_status":"open","sticky":false,"template":"","format":"standard","meta":{"footnotes":""},"categories":[12],"tags":[],"class_list":["post-101532","post","type-post","status-publish","format-standard","has-post-thumbnail","hentry","category-cidade"],"_links":{"self":[{"href":"https:\/\/tvc16.com\/portal\/wp-json\/wp\/v2\/posts\/101532","targetHints":{"allow":["GET"]}}],"collection":[{"href":"https:\/\/tvc16.com\/portal\/wp-json\/wp\/v2\/posts"}],"about":[{"href":"https:\/\/tvc16.com\/portal\/wp-json\/wp\/v2\/types\/post"}],"author":[{"embeddable":true,"href":"https:\/\/tvc16.com\/portal\/wp-json\/wp\/v2\/users\/2"}],"replies":[{"embeddable":true,"href":"https:\/\/tvc16.com\/portal\/wp-json\/wp\/v2\/comments?post=101532"}],"version-history":[{"count":1,"href":"https:\/\/tvc16.com\/portal\/wp-json\/wp\/v2\/posts\/101532\/revisions"}],"predecessor-version":[{"id":101534,"href":"https:\/\/tvc16.com\/portal\/wp-json\/wp\/v2\/posts\/101532\/revisions\/101534"}],"wp:featuredmedia":[{"embeddable":true,"href":"https:\/\/tvc16.com\/portal\/wp-json\/wp\/v2\/media\/101533"}],"wp:attachment":[{"href":"https:\/\/tvc16.com\/portal\/wp-json\/wp\/v2\/media?parent=101532"}],"wp:term":[{"taxonomy":"category","embeddable":true,"href":"https:\/\/tvc16.com\/portal\/wp-json\/wp\/v2\/categories?post=101532"},{"taxonomy":"post_tag","embeddable":true,"href":"https:\/\/tvc16.com\/portal\/wp-json\/wp\/v2\/tags?post=101532"}],"curies":[{"name":"wp","href":"https:\/\/api.w.org\/{rel}","templated":true}]}}