{"id":101538,"date":"2025-03-29T07:00:00","date_gmt":"2025-03-29T10:00:00","guid":{"rendered":"https:\/\/tvc16.com\/portal\/?p=101538"},"modified":"2025-03-28T18:52:47","modified_gmt":"2025-03-28T21:52:47","slug":"alcool-e-drogas-psicoativas-matam-quase-tres-milhoes-de-pessoas-no-mundo-todo","status":"publish","type":"post","link":"https:\/\/tvc16.com\/portal\/2025\/03\/29\/alcool-e-drogas-psicoativas-matam-quase-tres-milhoes-de-pessoas-no-mundo-todo\/","title":{"rendered":"\u00c1lcool e drogas psicoativas matam quase tr\u00eas milh\u00f5es de pessoas no mundo todo"},"content":{"rendered":"\n<p><em>Professor de Psicologia da Est\u00e1cio fala sobre os desafios no enfrentamento do problema de sa\u00fade p\u00fablica e a import\u00e2ncia do tratamento humanizado<\/em><\/p>\n\n\n\n<p>O consumo de \u00e1lcool \u00e9 respons\u00e1vel por 2,6 milh\u00f5es de mortes anuais no mundo todo, enquanto as drogas psicoativas respondem por 600 mil mortes por ano, segundo a Organiza\u00e7\u00e3o Mundial de Sa\u00fade (OMS). O enfrentamento desse grave problema de sa\u00fade p\u00fablica requer esfor\u00e7os conjuntos entre governos, institui\u00e7\u00f5es, legisladores, profissionais de sa\u00fade, educadores, fam\u00edlias e toda a sociedade por meio de a\u00e7\u00f5es de preven\u00e7\u00e3o e tratamento. O primeiro passo \u00e9 entender o que caracteriza a depend\u00eancia de \u00e1lcool e drogas, como explica Adelson Bruno dos Reis Santos, professor de Psicologia da Est\u00e1cio, especialista em sa\u00fade mental.<\/p>\n\n\n\n<p>\u201c\u00c9 preciso diferenciar o consumo abusivo do uso espor\u00e1dico ou recreativo e considerar o contexto das rela\u00e7\u00f5es afetivas, sociais, profissionais e emocionais do sujeito. \u00c9 necess\u00e1rio analisar a rela\u00e7\u00e3o do indiv\u00edduo com a subst\u00e2ncia e em que grau o consumo, seja ele abusivo ou n\u00e3o, impacta sua sa\u00fade f\u00edsica e mental. Uma necessidade incontrol\u00e1vel de consumo em quantidades cada vez maiores em um curto espa\u00e7o de tempo, crises ou mudan\u00e7as significativas no controle das emo\u00e7\u00f5es e do comportamento, isolamento social, perda do prazer por atividades que antes eram prazerosas e falta de autocuidado e cuidado com os outros s\u00e3o ind\u00edcios de uma poss\u00edvel depend\u00eancia\u201d, afirma.<\/p>\n\n\n\n<p>In\u00fameros componentes externos, biol\u00f3gicos e psicol\u00f3gicos est\u00e3o relacionados \u00e0 depend\u00eancia qu\u00edmica, mas n\u00e3o existe um padr\u00e3o de elementos que levem ao uso excessivo, como elucida o psic\u00f3logo. \u201cSomos diversos e singulares. O que \u00e9 quest\u00e3o para um sujeito n\u00e3o \u00e9 para outro. Cada um ter\u00e1 ou n\u00e3o recursos para lidar com suas car\u00eancias, suas faltas, suas aus\u00eancias e suas dores.&nbsp; Pessoas expostas aos mesmos ambientes, realidades e situa\u00e7\u00f5es ir\u00e3o reagir de formas distintas, de acordo com os recursos subjetivos e objetivos que possuem para lidar com as compuls\u00f5es. As transi\u00e7\u00f5es geracionais, a cobran\u00e7a, a compara\u00e7\u00e3o, a sensa\u00e7\u00e3o de frustra\u00e7\u00e3o, o sentimento de n\u00e3o ser bem-sucedido, os bloqueios afetivos e comportamentais afetam cada pessoa de uma maneira, e tudo isso poder\u00e1 ou n\u00e3o levar ao uso abusivo e prejudicial de drogas\u201d, observa.<\/p>\n\n\n\n<p>Os principais impactos na sa\u00fade s\u00e3o manifestados pelas crises de abstin\u00eancia marcadas pela oscila\u00e7\u00e3o do humor, altera\u00e7\u00f5es do sono e da alimenta\u00e7\u00e3o e baixa autoestima, provocando ainda a falta de cuidado com a higiene e a apar\u00eancia. \u201cQuanto \u00e0 sa\u00fade mental, as subst\u00e2ncias psicoativas causam estados psic\u00f3ticos e transtornos que alteram a sensopercep\u00e7\u00e3o, influenciando processos cognitivos b\u00e1sicos como a mem\u00f3ria, o pensamento e a aten\u00e7\u00e3o. Podem ainda potencializar estados de ansiedade e depress\u00e3o levando ao tensionamento dos v\u00ednculos afetivos e sociais\u201d, descreve.<\/p>\n\n\n\n<p>O especialista destaca que n\u00e3o basta for\u00e7a de vontade para abandonar o v\u00edcio em drogas \u2013 considerado uma doen\u00e7a pela Organiza\u00e7\u00e3o Mundial da Sa\u00fade (OMS) \u2013, pois o processo de depend\u00eancia envolve uma intera\u00e7\u00e3o complexa. \u201cPara o adicto, a droga vem suprir ou tamponar uma falta, uma falha que vem da sua pr\u00f3pria constitui\u00e7\u00e3o como um ser no mundo. Trata-se de uma tentativa desesperada de lidar com o consumo de um objeto que ilusoriamente vem preencher. Em algum momento essa subst\u00e2ncia trouxe satisfa\u00e7\u00e3o, mas isso n\u00e3o se sustenta por muito tempo e \u00e9 o que traz a repeti\u00e7\u00e3o, a compuls\u00e3o. Para romper esse ciclo, n\u00e3o basta ter vontade apenas. \u00c9 necess\u00e1rio um retorno profundo \u00e0 base da sua constitui\u00e7\u00e3o subjetiva para compreender qual fun\u00e7\u00e3o a subst\u00e2ncia veio tentar exercer. A psicoterapia tem essa fun\u00e7\u00e3o de gerir a ang\u00fastia e o mal-estar trazido por aquilo que nos falta\u201d, exp\u00f5e.&nbsp; &nbsp;<\/p>\n\n\n\n<p>\u201cT\u00e9cnicas humanizadas, como a redu\u00e7\u00e3o de danos, que respeitem as limita\u00e7\u00f5es subjetivas e pr\u00e1ticas de acolhimento s\u00e3o fundamentais para que o paciente recupere a capacidade de se vincular afetiva, emocional e socialmente a pessoas e experi\u00eancias que contribuam em seu processo de constru\u00e7\u00e3o de uma nova rela\u00e7\u00e3o com o mundo, ancorado em suportes saud\u00e1veis e reconhecendo suas limita\u00e7\u00f5es, no qual o acesso a droga sempre existir\u00e1. Desde 2001, o Brasil, por meio da Lei da Reforma Psiqui\u00e1trica (Lei 10.216), vem tentando consolidar uma rede de cuidados e aten\u00e7\u00e3o \u00e0 sa\u00fade de dependentes de drogas com os CAPS (Centro de Aten\u00e7\u00e3o Psicossocial), espa\u00e7os de acolhimento e tratamento terap\u00eautico para pessoas com transtornos mentais e depend\u00eancia de subst\u00e2ncias, com acompanhamento psiqui\u00e1trico e atividades de reintegra\u00e7\u00e3o social, trabalhando a autonomia do sujeito\u201d, complementa o professor.&nbsp; &nbsp;<\/p>\n\n\n\n<p>Al\u00e9m da psicoterapia, o tratamento envolve interven\u00e7\u00e3o medicamentosa, com&nbsp;protocolos adequados, em dispositivos de sa\u00fade equipados e profissionais preparados. \u201cCrises de abstin\u00eancia s\u00e3o quadros graves que podem levar a \u00f3bito. O uso correto da medica\u00e7\u00e3o na dosagem e pelo tempo prescrito, associado ao processo de psicoterapia, \u00e9 fundamental para a estabiliza\u00e7\u00e3o da crise e para que o paciente retome sua autonomia, sua autoestima e possa voltar a reconhecer e investir o seu desejo em comportamentos e rela\u00e7\u00f5es saud\u00e1veis\u201d, elucida Adelson Bruno dos Reis Santos.<\/p>\n\n\n\n<p>De acordo com o psic\u00f3logo, a fam\u00edlia ou a rede de apoio \u00e9 fundamental para o \u00eaxito do tratamento e do cuidado humanizado do adicto. \u201cEla \u00e9 impactada por um processo de esgotamento e sofrimento mental na tentativa de proporcionar a aten\u00e7\u00e3o e o acolhimento necess\u00e1rio no processo terap\u00eautico. Por outro lado, para muitas gera\u00e7\u00f5es ainda \u00e9 dif\u00edcil, ou mesmo imposs\u00edvel, dialogar sobre o tema, e isso pode provocar um sistema de repress\u00e3o que desestrutura o n\u00facleo familiar. N\u00e3o \u00e9 f\u00e1cil para os pais lidar com a realidade de que algo falhou, e um sentimento de culpa pode tomar conta desse n\u00facleo como se fosse poss\u00edvel apontar um culpado. Isso \u00e9 muito degradante para a fam\u00edlia, que tamb\u00e9m precisa de suporte psicoterap\u00eautico e at\u00e9 medicamentoso. Recomenda-se que as fam\u00edlias frequentem grupos terap\u00eauticos para compartilhar e ouvir outras fam\u00edlias que enfrentam a mesma realidade\u201d, encerra.&nbsp;<\/p>\n","protected":false},"excerpt":{"rendered":"<p>Professor de Psicologia da Est\u00e1cio fala sobre os desafios no enfrentamento do problema de sa\u00fade<\/p>\n","protected":false},"author":2,"featured_media":101539,"comment_status":"open","ping_status":"open","sticky":false,"template":"","format":"standard","meta":{"footnotes":""},"categories":[17],"tags":[],"class_list":["post-101538","post","type-post","status-publish","format-standard","has-post-thumbnail","hentry","category-outras-noticias"],"_links":{"self":[{"href":"https:\/\/tvc16.com\/portal\/wp-json\/wp\/v2\/posts\/101538","targetHints":{"allow":["GET"]}}],"collection":[{"href":"https:\/\/tvc16.com\/portal\/wp-json\/wp\/v2\/posts"}],"about":[{"href":"https:\/\/tvc16.com\/portal\/wp-json\/wp\/v2\/types\/post"}],"author":[{"embeddable":true,"href":"https:\/\/tvc16.com\/portal\/wp-json\/wp\/v2\/users\/2"}],"replies":[{"embeddable":true,"href":"https:\/\/tvc16.com\/portal\/wp-json\/wp\/v2\/comments?post=101538"}],"version-history":[{"count":1,"href":"https:\/\/tvc16.com\/portal\/wp-json\/wp\/v2\/posts\/101538\/revisions"}],"predecessor-version":[{"id":101540,"href":"https:\/\/tvc16.com\/portal\/wp-json\/wp\/v2\/posts\/101538\/revisions\/101540"}],"wp:featuredmedia":[{"embeddable":true,"href":"https:\/\/tvc16.com\/portal\/wp-json\/wp\/v2\/media\/101539"}],"wp:attachment":[{"href":"https:\/\/tvc16.com\/portal\/wp-json\/wp\/v2\/media?parent=101538"}],"wp:term":[{"taxonomy":"category","embeddable":true,"href":"https:\/\/tvc16.com\/portal\/wp-json\/wp\/v2\/categories?post=101538"},{"taxonomy":"post_tag","embeddable":true,"href":"https:\/\/tvc16.com\/portal\/wp-json\/wp\/v2\/tags?post=101538"}],"curies":[{"name":"wp","href":"https:\/\/api.w.org\/{rel}","templated":true}]}}