{"id":101541,"date":"2025-03-30T07:00:00","date_gmt":"2025-03-30T10:00:00","guid":{"rendered":"https:\/\/tvc16.com\/portal\/?p=101541"},"modified":"2025-03-28T19:50:49","modified_gmt":"2025-03-28T22:50:49","slug":"movimento-petropolis-2030-celebra-titulo-de-capital-estadual-de-tecnologia-concedido-a-cidade","status":"publish","type":"post","link":"https:\/\/tvc16.com\/portal\/2025\/03\/30\/movimento-petropolis-2030-celebra-titulo-de-capital-estadual-de-tecnologia-concedido-a-cidade\/","title":{"rendered":"Movimento Petr\u00f3polis 2030 celebra t\u00edtulo de Capital Estadual de Tecnologia concedido \u00e0 cidade"},"content":{"rendered":"\n<p>O Movimento Petr\u00f3polis 2030, que tem como uma de suas pautas principais o desenvolvimento do setor, &nbsp;comemora a designa\u00e7\u00e3o de Petr\u00f3polis como Capital Estadual de Tecnologia, um reconhecimento oficial que destaca a voca\u00e7\u00e3o tecnol\u00f3gica do munic\u00edpio. Este t\u00edtulo, aprovado pela Assembleia Legislativa do Estado do Rio, projeto do deputado Luiz Paulo e sancionado pelo governador Cl\u00e1udio Castro nesta quinta-feira (27) reflete os esfor\u00e7os cont\u00ednuos da cidade em promover a inova\u00e7\u00e3o e o desenvolvimento no setor tecnol\u00f3gico.\u200b<\/p>\n\n\n\n<p>\u201cO movimento empresarial tem como uma das suas principais bandeiras garantir que a voca\u00e7\u00e3o tecnol\u00f3gica da cidade, por meio de mais projetos, seja expandida da forma que foi planejada h\u00e1 quase tr\u00eas d\u00e9cadas. Ter n\u00e3o apenas o t\u00edtulo, como tamb\u00e9m a\u00e7\u00f5es pr\u00e1ticas, investimentos que est\u00e3o sendo colocados em execu\u00e7\u00e3o e os que ainda vir\u00e3o e est\u00e3o programados, \u00e9 o que pretendemos. O movimento ressalta ao poder p\u00fablico as necessidades para o desenvolvimento de Petr\u00f3polis e temos recebido esse retorno das reivindica\u00e7\u00f5es. Estes t\u00edtulo refor\u00e7a o compromisso do governo do Estado em ser um agente decisivo neste processo\u201d, afirma o empres\u00e1rio Cl\u00e1udio Mohammad, presidente a C\u00e2mara de Diretores Lojistas de Petr\u00f3polis e l\u00edder do movimento empresarial.<\/p>\n\n\n\n<p>Na \u00faltima semana, Petr\u00f3polis reafirmou sua posi\u00e7\u00e3o como um polo de inova\u00e7\u00e3o com a inaugura\u00e7\u00e3o do laborat\u00f3rio tem\u00e1tico de Computa\u00e7\u00e3o Qu\u00e2ntica e Intelig\u00eancia Artificial da Faeterj, no Quitandinha. O espa\u00e7o, criado em parceria com o Laborat\u00f3rio Nacional de Computa\u00e7\u00e3o Cient\u00edfica (LNCC), as prefeituras de Petr\u00f3polis, Niter\u00f3i e Maca\u00e9, al\u00e9m da IBM, ser\u00e1 um ambiente dedicado \u00e0 pesquisa e experimenta\u00e7\u00e3o, acess\u00edvel a alunos, professores e pesquisadores da regi\u00e3o. A iniciativa busca fomentar projetos com potencial para transformar n\u00e3o apenas o cen\u00e1rio nacional, mas tamb\u00e9m o mercado global, consolidando a cidade como um centro de excel\u00eancia em tecnologia.<\/p>\n\n\n\n<p>Outro marco importante \u00e9 a implanta\u00e7\u00e3o de um polo de inova\u00e7\u00e3o no pr\u00e9dio do antigo Caf\u00e9 Sol\u00favel, \u00e0s margens da BR-040, um projeto liderado pelo governo do Estado. A proposta refor\u00e7a a voca\u00e7\u00e3o de Petr\u00f3polis para a tecnologia e atende \u00e0s diretrizes defendidas pelo movimento empresarial Petr\u00f3polis 2030, que re\u00fane 30 &nbsp;entidades comprometidas com o desenvolvimento da cidade. Diferente de polos voltados exclusivamente para TI, esse novo centro ter\u00e1 um ecossistema mais amplo, integrando diversas \u00e1reas da inova\u00e7\u00e3o. O projeto prev\u00ea a instala\u00e7\u00e3o de um centro de pesquisas, espa\u00e7os para startups, audit\u00f3rios e \u00e1reas de conviv\u00eancia e acomoda\u00e7\u00e3o, criando um ambiente prop\u00edcio para a atra\u00e7\u00e3o de novos neg\u00f3cios e talentos.<\/p>\n\n\n\n<p>O reconhecimento da tecnologia como um motor de crescimento para Petr\u00f3polis foi iniciada em 1999 quando estudos apontaram que a cidade reunia as condi\u00e7\u00f5es ideais para se tornar um polo tecnol\u00f3gico, conceito que se concretizou no Serratec. Hoje, esse ecossistema abriga mais de 400 empresas, que juntas movimentam mais de R$ 1,1 bilh\u00e3o por ano e empregam cerca de 5 mil pessoas em Petr\u00f3polis, Teres\u00f3polis e Areal. Esse avan\u00e7o confirma a for\u00e7a do setor e fortalece a cidade como refer\u00eancia em inova\u00e7\u00e3o, impulsionando o desenvolvimento econ\u00f4mico e a gera\u00e7\u00e3o de oportunidades para as pr\u00f3ximas d\u00e9cadas.<\/p>\n\n\n\n<p>O grande pilar que sustenta Petr\u00f3polis como refer\u00eancia em tecnologia \u00e9 o Laborat\u00f3rio Nacional de Computa\u00e7\u00e3o Cient\u00edfica (LNCC), institui\u00e7\u00e3o de renome que h\u00e1 d\u00e9cadas impulsiona a pesquisa e o desenvolvimento no setor. Como \u00e2ncora desse ecossistema inovador, o LNCC abriga o supercomputador Santos Dumont, uma das 100 m\u00e1quinas mais poderosas do mundo, consolidando Petr\u00f3polis como um centro de excel\u00eancia em computa\u00e7\u00e3o de alto desempenho e intelig\u00eancia artificial.&nbsp;<\/p>\n","protected":false},"excerpt":{"rendered":"<p>O Movimento Petr\u00f3polis 2030, que tem como uma de suas pautas principais o desenvolvimento do<\/p>\n","protected":false},"author":2,"featured_media":101542,"comment_status":"open","ping_status":"open","sticky":false,"template":"","format":"standard","meta":{"footnotes":""},"categories":[12],"tags":[],"class_list":["post-101541","post","type-post","status-publish","format-standard","has-post-thumbnail","hentry","category-cidade"],"_links":{"self":[{"href":"https:\/\/tvc16.com\/portal\/wp-json\/wp\/v2\/posts\/101541","targetHints":{"allow":["GET"]}}],"collection":[{"href":"https:\/\/tvc16.com\/portal\/wp-json\/wp\/v2\/posts"}],"about":[{"href":"https:\/\/tvc16.com\/portal\/wp-json\/wp\/v2\/types\/post"}],"author":[{"embeddable":true,"href":"https:\/\/tvc16.com\/portal\/wp-json\/wp\/v2\/users\/2"}],"replies":[{"embeddable":true,"href":"https:\/\/tvc16.com\/portal\/wp-json\/wp\/v2\/comments?post=101541"}],"version-history":[{"count":1,"href":"https:\/\/tvc16.com\/portal\/wp-json\/wp\/v2\/posts\/101541\/revisions"}],"predecessor-version":[{"id":101543,"href":"https:\/\/tvc16.com\/portal\/wp-json\/wp\/v2\/posts\/101541\/revisions\/101543"}],"wp:featuredmedia":[{"embeddable":true,"href":"https:\/\/tvc16.com\/portal\/wp-json\/wp\/v2\/media\/101542"}],"wp:attachment":[{"href":"https:\/\/tvc16.com\/portal\/wp-json\/wp\/v2\/media?parent=101541"}],"wp:term":[{"taxonomy":"category","embeddable":true,"href":"https:\/\/tvc16.com\/portal\/wp-json\/wp\/v2\/categories?post=101541"},{"taxonomy":"post_tag","embeddable":true,"href":"https:\/\/tvc16.com\/portal\/wp-json\/wp\/v2\/tags?post=101541"}],"curies":[{"name":"wp","href":"https:\/\/api.w.org\/{rel}","templated":true}]}}