{"id":10155,"date":"2021-02-07T11:56:27","date_gmt":"2021-02-07T14:56:27","guid":{"rendered":"https:\/\/tvc16.com\/portal\/?p=10155"},"modified":"2021-02-07T11:56:30","modified_gmt":"2021-02-07T14:56:30","slug":"nova-iguacu-inclui-profissionais-de-educacao-fisica-acima-de-60-anos-na-sua-programacao-de-vacinacao","status":"publish","type":"post","link":"https:\/\/tvc16.com\/portal\/2021\/02\/07\/nova-iguacu-inclui-profissionais-de-educacao-fisica-acima-de-60-anos-na-sua-programacao-de-vacinacao\/","title":{"rendered":"Nova Igua\u00e7u inclui profissionais de educa\u00e7\u00e3o f\u00edsica acima de 60 anos na sua programa\u00e7\u00e3o de vacina\u00e7\u00e3o"},"content":{"rendered":"\n<p>A Secretaria Municipal de Sa\u00fade de Nova Igua\u00e7u decidiu, a partir da pr\u00f3xima segunda-feira (8), incluir os profissionais de educa\u00e7\u00e3o f\u00edsica acima de 60 anos na programa\u00e7\u00e3o da primeira fase de vacina\u00e7\u00e3o da Cidade. A decis\u00e3o segue o Plano de Imuniza\u00e7\u00e3o do Governo Federal, do Minist\u00e9rio da Sa\u00fade, que determina que trabalhadores dos servi\u00e7os de sa\u00fade s\u00e3o todos aqueles que atuam em espa\u00e7os e estabelecimentos de assist\u00eancia e vigil\u00e2ncia \u00e0 sa\u00fade.<\/p>\n\n\n\n<p>Esse novo grupo se une \u00e0 lista de profissionais de sa\u00fade que s\u00e3o p\u00fablico-alvo do munic\u00edpio nesse momento. S\u00e3o eles: m\u00e9dicos, enfermeiros, nutricionistas, fisioterapeutas, terapeutas ocupacionais, bi\u00f3logos, biom\u00e9dicos, farmac\u00eauticos, odont\u00f3logos, fonoaudi\u00f3logos, psic\u00f3logos, assistentes sociais, m\u00e9dicos veterin\u00e1rios, t\u00e9cnicos de laborat\u00f3rio, t\u00e9cnicos e auxiliares de enfermagem, t\u00e9cnicos de radiologia e t\u00e9cnicos de higiene bucal. Para se vacinar, \u00e9 necess\u00e1rio apresentar a carteira de seus conselhos dentro da validade, para que comprovem que est\u00e3o aptos a desempenhar suas fun\u00e7\u00f5es profissionais.<\/p>\n\n\n\n<p>Nesta fase da campanha, a aplica\u00e7\u00e3o da Coronavac tamb\u00e9m est\u00e1 voltada para a popula\u00e7\u00e3o com mais de 80 anos. Nesta semana, foi a vez dos idosos acima de 95 anos, enquanto a partir da pr\u00f3xima semana, entre os dias 8 e 12 de fevereiro, ser\u00e1 a vez daqueles que t\u00eam idade entre 90 e 94 anos. As pessoas com mais de 95 anos que n\u00e3o puderam ser vacinadas nesta semana, podem ir aos postos para serem imunizadas na semana que vem.<\/p>\n\n\n\n<p>O m\u00eas de fevereiro \u00e9 todo dedicado \u00e0 realiza\u00e7\u00e3o da campanha para idosos com mais de 80 anos. A semana entre os dias 15 a 19 de fevereiro ser\u00e1 para aqueles com idade entre 85 e 89 anos, enquanto na \u00faltima semana do m\u00eas, entre 22 e 26, a campanha ser\u00e1 para quem tem idade de 80 a 84 anos. O atendimento \u00e9 das 8h30 \u00e0s 16h, e o idoso dever\u00e1 apresentar carteira de identidade, comprovante de resid\u00eancia, CPF e cart\u00e3o SUS.<\/p>\n\n\n\n<p>No total s\u00e3o oito pontos de vacina\u00e7\u00e3o espalhados pela Cidade. O drive thru do Centro Ol\u00edmpico e o Espa\u00e7o Municipal da Terceira Idade (ESMUTI) s\u00e3o exclusivos para o atendimento aos idosos com mais de 80 anos, enquanto as Unidades B\u00e1sicas de Sa\u00fade de Para\u00edso, Vila de Cava e Austin, a Policl\u00ednica de Miguel Couto e as Cl\u00ednicas da Fam\u00edlia Odiceia Morais, no Centro, e Emilia Gomes, em Comendador Soares s\u00e3o para esses profissionais de sa\u00fade acima de 60 anos.<br><br><strong>POSTOS EXCLUSIVOS PARA VACINAR IDOSOS ACIMA DE 80 ANOS (CONFORME CRONOGRAMA)<br><\/strong><\/p>\n\n\n\n<p><strong>DRIVE THRU \u2013 CENTRO OL\u00cdMPICO DE NOVA IGUA\u00c7U<\/strong><\/p>\n\n\n\n<p><a rel=\"noreferrer noopener\" target=\"_blank\" href=\"https:\/\/www.google.com.br\/maps\/place\/Centro+de+Formacao+Olimpica+Nova+Iguacu\/@-22.743308,-43.4612381,17z\/data=!3m1!4b1!4m13!1m7!3m6!1s0x9967bc9222c0ab:0xdbfeac58c8497588!2sR.+Sav%C3%A9rio+Jos%C3%A9+Bruno+-+Moquet%C3%A1,+Nova+Igua%C3%A7u+-+RJ!3b1!8m2!3d-22.7429288!4d-43.4569482!3m4!1s0x9967bb68a1c39f:0x48501a584ac93310!8m2!3d-22.743313!4d-43.4590494\">Rua Sav\u00e9rio Jos\u00e9 Bruno, s\/n\u00ba, 1725, Centro.<\/a><\/p>\n\n\n\n<p>Refer\u00eancia: Pr\u00f3ximo ao Viaduto da Posse.<\/p>\n\n\n\n<hr class=\"wp-block-separator\"\/>\n\n\n\n<p><strong>ESPA\u00c7O MUNICIPAL DA TERCEIRA IDADE DE NOVA IGUA\u00c7U (ESMUTI)<\/strong><\/p>\n\n\n\n<p><a rel=\"noreferrer noopener\" target=\"_blank\" href=\"https:\/\/www.google.com.br\/maps\/place\/Av.+Lu%C3%ADs+de+Matos,+736+-+Luz,+Nova+Igua%C3%A7u+-+RJ,+26255-510\/@-22.760393,-43.4701696,17z\/data=!3m1!4b1!4m5!3m4!1s0x996772736e2de3:0x9672bc08c16e7e8!8m2!3d-22.760398!4d-43.4679809\">Avenida Lu\u00eds de Matos, 736 \u2013 Bairro da Luz.<\/a><\/p>\n\n\n\n<hr class=\"wp-block-separator\"\/>\n\n\n\n<p><strong>POSTOS DE VACINA\u00c7\u00c3O PARA PROFISSIONAIS DE SA\u00daDE MAIORES DE 60 ANOS E IDOSOS ACIMA DE 80 (CONFORME CRONOGRAMA)<\/strong><\/p>\n\n\n\n<p><strong>UNIDADE B\u00c1SICA DO PARA\u00cdSO<\/strong><\/p>\n\n\n\n<p><a rel=\"noreferrer noopener\" target=\"_blank\" href=\"https:\/\/www.google.com\/maps\/place\/Cl%C3%ADnica+da+Fam%C3%ADlia+Patr%C3%ADcia+Marinho+Jardim+Paraiso\/@-22.8274109,-43.6081562,17z\/data=!3m1!4b1!4m5!3m4!1s0x9be2859b2abe81:0x67f71289a33402e6!8m2!3d-22.8274109!4d-43.6059675\">Rua Ing\u00e1 s\/n\u00ba \u2013 Jardim Para\u00edso<\/a><\/p>\n\n\n\n<p>Refer\u00eancia: UPA 24 Horas Arquiteta Patr\u00edcia Marinho<\/p>\n\n\n\n<hr class=\"wp-block-separator\"\/>\n\n\n\n<p><strong>UNIDADE B\u00c1SICA DE SA\u00daDE DE VILA DE CAVA<\/strong><\/p>\n\n\n\n<p><a rel=\"noreferrer noopener\" target=\"_blank\" href=\"https:\/\/www.google.com\/maps\/place\/Cl%C3%ADnica+da+Fam%C3%ADlia+24h+%2F+Vila+de+Cava+%2F+Jos%C3%A9+Antonio+da+Silva+Rego\/@-22.6774312,-43.4507347,17z\/data=!3m1!4b1!4m5!3m4!1s0x9969110b61069d:0x9c8f3c65cf859180!8m2!3d-22.6774312!4d-43.448546\">Rua \u00c1lvaro Gon\u00e7alves, 103 \u2013 Vila de Cava<\/a><\/p>\n\n\n\n<p>Refer\u00eancia: UPA 24 Horas Gisele Palhares Gouv\u00eaa<\/p>\n\n\n\n<hr class=\"wp-block-separator\"\/>\n\n\n\n<p><strong>POLICL\u00cdNICA DE MIGUEL COUTO<\/strong><\/p>\n\n\n\n<p><a rel=\"noreferrer noopener\" target=\"_blank\" href=\"https:\/\/www.google.com\/maps\/place\/Cl%C3%ADnica+da+Fam%C3%ADlia+%2F+Miguel+Couto+%2F+Carlinho+do+Tingu%C3%A1\/@-22.7073851,-43.4287321,17z\/data=!3m1!4b1!4m5!3m4!1s0x9969a0daa42e49:0x426aa8ac74ed39cb!8m2!3d-22.7073851!4d-43.4265434\">Rua Digomar Sim\u00f5es e Souza, 50 \u2013 Miguel Couto<\/a><\/p>\n\n\n\n<p>Refer\u00eancia: UPA 24 Horas Carlinhos da Tingu\u00e1 \u2013 Miguel Couto<\/p>\n\n\n\n<hr class=\"wp-block-separator\"\/>\n\n\n\n<p><strong>UNIDADE B\u00c1SICA DE SA\u00daDE DE AUSTIN<\/strong><\/p>\n\n\n\n<p><a rel=\"noreferrer noopener\" target=\"_blank\" href=\"https:\/\/www.google.com\/maps\/place\/Cl%C3%ADnica+da+Fam%C3%ADlia+24h+%2F+Austin+%2F+Dr.+Moacir+A.+de+Carvalho\/@-22.7527751,-43.4427499,19z\/data=!4m5!3m4!1s0x9967890959ba39:0x5cb2d1b231f38b0a!8m2!3d-22.7524362!4d-43.4417977\">Rua Coronel Monteiro de Barros, 783 \u2013 Austin<\/a><\/p>\n\n\n\n<p>Refer\u00eancia: UPS 24 Horas Dr. Moacyr de Carvalho \u2013 Austin<\/p>\n\n\n\n<hr class=\"wp-block-separator\"\/>\n\n\n\n<p><strong>CL\u00cdNICA DA FAM\u00cdLIA ODICEIA MORAIS<\/strong><\/p>\n\n\n\n<p><a rel=\"noreferrer noopener\" target=\"_blank\" href=\"https:\/\/www.google.com\/maps\/place\/Cl%C3%ADnica+da+Familia+Odiceia+Morais\/@-22.7509421,-43.4471748,17z\/data=!3m1!4b1!4m5!3m4!1s0x996652bb1bc911:0x52e9799755d627e0!8m2!3d-22.7509421!4d-43.4449861\">Rua Bol\u00edvia, s\/n\u00ba \u2013 Centro<\/a><\/p>\n\n\n\n<hr class=\"wp-block-separator\"\/>\n\n\n\n<p><strong>CL\u00cdNICA DA FAM\u00cdLIA EMILIA GOMES<\/strong><\/p>\n\n\n\n<p><a rel=\"noreferrer noopener\" target=\"_blank\" href=\"https:\/\/www.google.com\/maps\/place\/Cl%C3%ADnica+da+Fam%C3%ADlia+Diurna+Em%C3%ADlia+Gomes\/@-22.7440135,-43.4979709,17z\/data=!3m1!4b1!4m5!3m4!1s0x995d9da97b09b3:0xf6ab4049b60bbf9c!8m2!3d-22.7440135!4d-43.4957822\">Rua dos Quart\u00e9is, 221 \u2013 Comendador Soares<\/a><\/p>\n\n\n\n<p>Refer\u00eancia: UPA 24 Horas Comendador Soares \u2013 Comendador Soares<\/p>\n","protected":false},"excerpt":{"rendered":"<p>A Secretaria Municipal de Sa\u00fade de Nova Igua\u00e7u decidiu, a partir da pr\u00f3xima segunda-feira (8),<\/p>\n","protected":false},"author":2,"featured_media":10156,"comment_status":"open","ping_status":"open","sticky":false,"template":"","format":"standard","meta":{"footnotes":""},"categories":[17],"tags":[],"class_list":["post-10155","post","type-post","status-publish","format-standard","has-post-thumbnail","hentry","category-outras-noticias"],"_links":{"self":[{"href":"https:\/\/tvc16.com\/portal\/wp-json\/wp\/v2\/posts\/10155","targetHints":{"allow":["GET"]}}],"collection":[{"href":"https:\/\/tvc16.com\/portal\/wp-json\/wp\/v2\/posts"}],"about":[{"href":"https:\/\/tvc16.com\/portal\/wp-json\/wp\/v2\/types\/post"}],"author":[{"embeddable":true,"href":"https:\/\/tvc16.com\/portal\/wp-json\/wp\/v2\/users\/2"}],"replies":[{"embeddable":true,"href":"https:\/\/tvc16.com\/portal\/wp-json\/wp\/v2\/comments?post=10155"}],"version-history":[{"count":1,"href":"https:\/\/tvc16.com\/portal\/wp-json\/wp\/v2\/posts\/10155\/revisions"}],"predecessor-version":[{"id":10157,"href":"https:\/\/tvc16.com\/portal\/wp-json\/wp\/v2\/posts\/10155\/revisions\/10157"}],"wp:featuredmedia":[{"embeddable":true,"href":"https:\/\/tvc16.com\/portal\/wp-json\/wp\/v2\/media\/10156"}],"wp:attachment":[{"href":"https:\/\/tvc16.com\/portal\/wp-json\/wp\/v2\/media?parent=10155"}],"wp:term":[{"taxonomy":"category","embeddable":true,"href":"https:\/\/tvc16.com\/portal\/wp-json\/wp\/v2\/categories?post=10155"},{"taxonomy":"post_tag","embeddable":true,"href":"https:\/\/tvc16.com\/portal\/wp-json\/wp\/v2\/tags?post=10155"}],"curies":[{"name":"wp","href":"https:\/\/api.w.org\/{rel}","templated":true}]}}