{"id":101550,"date":"2025-03-29T07:00:00","date_gmt":"2025-03-29T10:00:00","guid":{"rendered":"https:\/\/tvc16.com\/portal\/?p=101550"},"modified":"2025-03-28T19:02:21","modified_gmt":"2025-03-28T22:02:21","slug":"iff-fiocruz-ira-ajudar-75-maternidades-a-reduzirem-mortalidade-materna","status":"publish","type":"post","link":"https:\/\/tvc16.com\/portal\/2025\/03\/29\/iff-fiocruz-ira-ajudar-75-maternidades-a-reduzirem-mortalidade-materna\/","title":{"rendered":"IFF\/Fiocruz ir\u00e1 ajudar 75 maternidades a reduzirem mortalidade materna"},"content":{"rendered":"\n<p><em>Minist\u00e9rio da Sa\u00fade deve investir R$ 24 milh\u00f5es ao longo de 2025<\/em><\/p>\n\n\n\n<p>Por Mariana Tokarnia &#8211; Rep\u00f3rter da Ag\u00eancia Brasil \/ Foto: Marcelo Camargo\/Ag\u00eancia Brasil<\/p>\n\n\n\n<p><\/p>\n\n\n\n<p>O Instituto Nacional de Sa\u00fade da Mulher, da Crian\u00e7a e do Adolescente Fernandes Figueira&nbsp;(IFF\/Fiocruz) ir\u00e1 ajudar na qualifica\u00e7\u00e3o de 75 maternidades no pa\u00eds que concentram as maiores taxas de mortalidade materna. O an\u00fancio foi feito nesta sexta-feira (28) pelo ministro da Sa\u00fade, Alexandre Padilha.<img decoding=\"async\" src=\"https:\/\/agenciabrasil.ebc.com.br\/ebc.png?id=1636716&amp;o=node\"><img decoding=\"async\" src=\"https:\/\/agenciabrasil.ebc.com.br\/ebc.gif?id=1636716&amp;o=node\"><\/p>\n\n\n\n<p>O ministro esteve no IFF, onde assinou um&nbsp;<a href=\"https:\/\/agenciabrasil.ebc.com.br\/saude\/noticia\/2025-03\/estudo-vai-avaliar-integracao-do-hospital-da-lagoa-ao-ifffiocruz\" target=\"_blank\" rel=\"noreferrer noopener\">acordo de coopera\u00e7\u00e3o t\u00e9cnica<\/a>&nbsp;para a realiza\u00e7\u00e3o de um estudo preliminar de viabilidade para poss\u00edvel integra\u00e7\u00e3o entre o Hospital Federal da Lagoa e o IFF, no \u00e2mbito do Plano de Reestrutura\u00e7\u00e3o dos Hospitais Federais do Rio de Janeiro.&nbsp;Junto com esse acordo, foi assinado com o IFF o novo plano de apoio, reestrutura\u00e7\u00e3o, qualifica\u00e7\u00e3o de 75 maternidades no pa\u00eds.<\/p>\n\n\n\n<p>\u201cFaz parte do nosso compromisso de enfrentamento \u00e0 mortalidade materna, tendo o Instituto Fernandes Figueira como grande parceiro nesse apoio. Com isso, [o IFF] vai poder desenvolver junto com as maternidades a experi\u00eancia que j\u00e1 tem de gest\u00e3o, de qualifica\u00e7\u00e3o, de forma\u00e7\u00e3o profissional\u201d, afirmou Padilha.<\/p>\n\n\n\n<p>Fundado em 1924,<strong>&nbsp;o IFF\/Fiocruz \u00e9 refer\u00eancia na produ\u00e7\u00e3o de conhecimento, gest\u00e3o participativa e aten\u00e7\u00e3o integral para a sa\u00fade da mulher, da crian\u00e7a e do adolescente.<\/strong>&nbsp;O Instituto conta com o Centro de Refer\u00eancia Nacional da Rede Global de Bancos de Leite Humano e \u00e9 considerado um Hospital Amigo da Crian\u00e7a pela Organiza\u00e7\u00e3o Mundial da Sa\u00fade (OMS), pelo Fundo das Na\u00e7\u00f5es Unidas para a Inf\u00e2ncia (Unicef) e pelo Minist\u00e9rio da Sa\u00fade.&nbsp;<\/p>\n\n\n\n<p>Segundo Padilha,&nbsp;<strong>o Minist\u00e9rio da Sa\u00fade vai investir, ao todo, em 2025, R$ 24 milh\u00f5es na qualifica\u00e7\u00e3o das 75 maternidades<\/strong>, sendo&nbsp;25&nbsp;ligadas aos hospitais universit\u00e1rios federais, que fazem parte da Empresa Brasileira de Servi\u00e7os Hospitalares (Ebserh), e 50 que fazem parte das redes municipais, estaduais ou mesmo de institui\u00e7\u00f5es filantr\u00f3picas que t\u00eam contratos com estados e munic\u00edpios. Essa qualifica\u00e7\u00e3o ser\u00e1 feita tanto presencialmente quanto por telessa\u00fade.<\/p>\n\n\n\n<p>\u201cMuitas vezes, essa situa\u00e7\u00e3o da mortalidade materna n\u00e3o tem a ver com a estrutura [da maternidade], tem a ver, \u00e0s vezes, com a forma como \u00e9 acolhida essa gestante,&nbsp;como \u00e9 feita a conex\u00e3o entre essa maternidade e uma unidade b\u00e1sica de sa\u00fade; [tem a ver com]&nbsp;com a aten\u00e7\u00e3o prim\u00e1ria em sa\u00fade, se nessas maternidades t\u00eam espa\u00e7o, por exemplo, de acolhimento, de orienta\u00e7\u00e3o para as mulheres;&nbsp;se elas podem fazer a visita \u00e0 maternidade para conhecer onde vai ter o parto. Muitas vezes, \u00e9 uma integra\u00e7\u00e3o da informa\u00e7\u00e3o da maternidade com os prontu\u00e1rios eletr\u00f4nicos\u201d, explicou Padilha.<\/p>\n\n\n\n<h2 class=\"wp-block-heading\">Metas<\/h2>\n\n\n\n<p>A iniciativa faz parte da Rede Alyne, uma reestrutura\u00e7\u00e3o da antiga Rede Cegonha, de cuidados a gestantes e beb\u00eas na rede p\u00fablica de sa\u00fade. A rede foi lan\u00e7ada em 2024 com a meta de beneficiar mulheres com cuidado humanizado e integral, observando as desigualdades \u00e9tnico-raciais e regionais.<\/p>\n\n\n\n<p><strong><a href=\"https:\/\/agenciabrasil.ebc.com.br\/saude\/noticia\/2024-09\/estrategia-do-governo-quer-reduzir-mortalidade-materna-em-25-ate-2027\" target=\"_blank\" rel=\"noreferrer noopener\">O objetivo \u00e9 reduzir a mortalidade materna geral em 25% at\u00e9 2027<\/a>, e em 50% considerando apenas as mulheres pretas<\/strong>. Em 2022, a raz\u00e3o de mortalidade materna (n\u00famero de \u00f3bitos a cada 100 mil nascidos vivos) de m\u00e3es pretas foi o dobro em rela\u00e7\u00e3o ao geral: 110,6. No geral, foram 57,7 \u00f3bitos a cada 100 mil nascidos vivos.<\/p>\n\n\n\n<p>O Brasil busca atingir o Objetivo de Desenvolvimento Sustent\u00e1vel (ODS), da Organiza\u00e7\u00e3o das Na\u00e7\u00f5es Unidas (ONU), at\u00e9 2030, com a marca de 30 \u00f3bitos por 100 mil nascidos vivos<br><\/p>\n","protected":false},"excerpt":{"rendered":"<p>Minist\u00e9rio da Sa\u00fade deve investir R$ 24 milh\u00f5es ao longo de 2025 Por Mariana Tokarnia<\/p>\n","protected":false},"author":2,"featured_media":101551,"comment_status":"open","ping_status":"open","sticky":false,"template":"","format":"standard","meta":{"footnotes":""},"categories":[17],"tags":[],"class_list":["post-101550","post","type-post","status-publish","format-standard","has-post-thumbnail","hentry","category-outras-noticias"],"_links":{"self":[{"href":"https:\/\/tvc16.com\/portal\/wp-json\/wp\/v2\/posts\/101550","targetHints":{"allow":["GET"]}}],"collection":[{"href":"https:\/\/tvc16.com\/portal\/wp-json\/wp\/v2\/posts"}],"about":[{"href":"https:\/\/tvc16.com\/portal\/wp-json\/wp\/v2\/types\/post"}],"author":[{"embeddable":true,"href":"https:\/\/tvc16.com\/portal\/wp-json\/wp\/v2\/users\/2"}],"replies":[{"embeddable":true,"href":"https:\/\/tvc16.com\/portal\/wp-json\/wp\/v2\/comments?post=101550"}],"version-history":[{"count":1,"href":"https:\/\/tvc16.com\/portal\/wp-json\/wp\/v2\/posts\/101550\/revisions"}],"predecessor-version":[{"id":101552,"href":"https:\/\/tvc16.com\/portal\/wp-json\/wp\/v2\/posts\/101550\/revisions\/101552"}],"wp:featuredmedia":[{"embeddable":true,"href":"https:\/\/tvc16.com\/portal\/wp-json\/wp\/v2\/media\/101551"}],"wp:attachment":[{"href":"https:\/\/tvc16.com\/portal\/wp-json\/wp\/v2\/media?parent=101550"}],"wp:term":[{"taxonomy":"category","embeddable":true,"href":"https:\/\/tvc16.com\/portal\/wp-json\/wp\/v2\/categories?post=101550"},{"taxonomy":"post_tag","embeddable":true,"href":"https:\/\/tvc16.com\/portal\/wp-json\/wp\/v2\/tags?post=101550"}],"curies":[{"name":"wp","href":"https:\/\/api.w.org\/{rel}","templated":true}]}}