{"id":101553,"date":"2025-03-29T07:00:00","date_gmt":"2025-03-29T10:00:00","guid":{"rendered":"https:\/\/tvc16.com\/portal\/?p=101553"},"modified":"2025-03-28T19:06:13","modified_gmt":"2025-03-28T22:06:13","slug":"aneel-mantem-bandeira-tarifaria-verde-de-energia-para-abril","status":"publish","type":"post","link":"https:\/\/tvc16.com\/portal\/2025\/03\/29\/aneel-mantem-bandeira-tarifaria-verde-de-energia-para-abril\/","title":{"rendered":"Aneel mant\u00e9m bandeira tarif\u00e1ria verde de energia para abril"},"content":{"rendered":"\n<p><em>Melhora no volume de chuvas motivou revis\u00e3o de tarifa extra<\/em><\/p>\n\n\n\n<p>Por Wellton M\u00e1ximo \u2013 Rep\u00f3rter da Ag\u00eancia Brasil \/ Foto: Marcelo Camargo\/Ag\u00eancia Brasil<\/p>\n\n\n\n<p><\/p>\n\n\n\n<p><strong>O consumidor n\u00e3o pagar\u00e1 cobran\u00e7a extra sobre a conta de luz em abril.<\/strong>&nbsp;A Ag\u00eancia Nacional de Energia El\u00e9trica (Aneel) manteve a bandeira verde para o pr\u00f3ximo m\u00eas para todos os consumidores conectados ao Sistema Interligado Nacional (SIN).<img decoding=\"async\" src=\"https:\/\/agenciabrasil.ebc.com.br\/ebc.png?id=1636714&amp;o=node\"><img decoding=\"async\" src=\"https:\/\/agenciabrasil.ebc.com.br\/ebc.gif?id=1636714&amp;o=node\"><\/p>\n\n\n\n<p>A conta de luz est\u00e1 sem essas taxas desde dezembro. Segundo a Aneel, na ocasi\u00e3o, a bandeira verde foi escolhida devido \u00e0s condi\u00e7\u00f5es favor\u00e1veis de gera\u00e7\u00e3o de energia, com os reservat\u00f3rios das usinas hidrel\u00e9tricas em n\u00edveis satisfat\u00f3rios.<\/p>\n\n\n\n<p>\u201c<strong>Desde dezembro de 2024, a bandeira\u202ftarif\u00e1ria permanece verde, refletindo as condi\u00e7\u00f5es favor\u00e1veis de gera\u00e7\u00e3o de energia no pa\u00eds<\/strong>. Mesmo com a transi\u00e7\u00e3o do per\u00edodo chuvoso para o seco, a gera\u00e7\u00e3o de usinas hidroel\u00e9tricas, mais barata que a gera\u00e7\u00e3o t\u00e9rmica, continua em n\u00edveis est\u00e1veis.<\/p>\n\n\n\n<h2 class=\"wp-block-heading\">Bandeiras Tarif\u00e1rias<\/h2>\n\n\n\n<p>Criadas em 2015 pela Aneel, as&nbsp;<a href=\"https:\/\/agenciabrasil.ebc.com.br\/economia\/noticia\/2021-09\/agencia-brasil-explica-como-funciona-nova-bandeira-tarifaria-de-luz\" target=\"_blank\" rel=\"noreferrer noopener\">bandeiras tarif\u00e1rias<\/a>&nbsp;refletem os custos vari\u00e1veis da gera\u00e7\u00e3o de energia el\u00e9trica. Divididas em n\u00edveis, as bandeiras indicam quanto est\u00e1 custando para o SIN gerar a energia usada nas casas, em estabelecimentos comerciais e nas ind\u00fastrias.<\/p>\n\n\n\n<p>Quando a conta de luz \u00e9 calculada pela bandeira verde, n\u00e3o h\u00e1 nenhum acr\u00e9scimo. Quando s\u00e3o aplicadas as bandeiras vermelha ou amarela, a conta sofre acr\u00e9scimos de R$ 1,885 (bandeira amarela), R$ 4,463 (bandeira vermelha patamar 1) e R$ 7,877 (bandeira vermelha patamar 2) a cada 100 quilowatts-hora (kWh) consumidos. De setembro de 2021 a 15 de abril de 2022, vigorou uma bandeira de escassez h\u00eddrica de R$ 14,20 extras a cada 100 kWh.<\/p>\n\n\n\n<p>O Sistema Interligado Nacional \u00e9 dividido em quatro subsistemas: Sudeste\/Centro-Oeste, Sul, Nordeste e Norte. Praticamente todo o pa\u00eds \u00e9 coberto pelo SIN. A exce\u00e7\u00e3o s\u00e3o algumas partes de estados da Regi\u00e3o Norte e de Mato Grosso, al\u00e9m de todo o estado de Roraima. Atualmente, h\u00e1 212 localidades isoladas do SIN, nas quais o consumo \u00e9 baixo e representa menos de 1% da carga total do pa\u00eds. A demanda por energia nessas regi\u00f5es \u00e9 suprida, principalmente, por t\u00e9rmicas a \u00f3leo diesel.<br><\/p>\n","protected":false},"excerpt":{"rendered":"<p>Melhora no volume de chuvas motivou revis\u00e3o de tarifa extra Por Wellton M\u00e1ximo \u2013 Rep\u00f3rter<\/p>\n","protected":false},"author":2,"featured_media":101554,"comment_status":"open","ping_status":"open","sticky":false,"template":"","format":"standard","meta":{"footnotes":""},"categories":[17],"tags":[],"class_list":["post-101553","post","type-post","status-publish","format-standard","has-post-thumbnail","hentry","category-outras-noticias"],"_links":{"self":[{"href":"https:\/\/tvc16.com\/portal\/wp-json\/wp\/v2\/posts\/101553","targetHints":{"allow":["GET"]}}],"collection":[{"href":"https:\/\/tvc16.com\/portal\/wp-json\/wp\/v2\/posts"}],"about":[{"href":"https:\/\/tvc16.com\/portal\/wp-json\/wp\/v2\/types\/post"}],"author":[{"embeddable":true,"href":"https:\/\/tvc16.com\/portal\/wp-json\/wp\/v2\/users\/2"}],"replies":[{"embeddable":true,"href":"https:\/\/tvc16.com\/portal\/wp-json\/wp\/v2\/comments?post=101553"}],"version-history":[{"count":1,"href":"https:\/\/tvc16.com\/portal\/wp-json\/wp\/v2\/posts\/101553\/revisions"}],"predecessor-version":[{"id":101555,"href":"https:\/\/tvc16.com\/portal\/wp-json\/wp\/v2\/posts\/101553\/revisions\/101555"}],"wp:featuredmedia":[{"embeddable":true,"href":"https:\/\/tvc16.com\/portal\/wp-json\/wp\/v2\/media\/101554"}],"wp:attachment":[{"href":"https:\/\/tvc16.com\/portal\/wp-json\/wp\/v2\/media?parent=101553"}],"wp:term":[{"taxonomy":"category","embeddable":true,"href":"https:\/\/tvc16.com\/portal\/wp-json\/wp\/v2\/categories?post=101553"},{"taxonomy":"post_tag","embeddable":true,"href":"https:\/\/tvc16.com\/portal\/wp-json\/wp\/v2\/tags?post=101553"}],"curies":[{"name":"wp","href":"https:\/\/api.w.org\/{rel}","templated":true}]}}