{"id":101556,"date":"2025-03-29T06:00:00","date_gmt":"2025-03-29T09:00:00","guid":{"rendered":"https:\/\/tvc16.com\/portal\/?p=101556"},"modified":"2025-03-28T19:10:17","modified_gmt":"2025-03-28T22:10:17","slug":"onu-avaliara-se-ha-acoes-do-brasil-contra-crimes-da-ditadura-militar","status":"publish","type":"post","link":"https:\/\/tvc16.com\/portal\/2025\/03\/29\/onu-avaliara-se-ha-acoes-do-brasil-contra-crimes-da-ditadura-militar\/","title":{"rendered":"ONU avaliar\u00e1 se h\u00e1 a\u00e7\u00f5es do Brasil contra crimes da ditadura militar"},"content":{"rendered":"\n<p><em>Representante das Na\u00e7\u00f5es Unidas fica no pa\u00eds do dia 30 a 7 de abril<\/em><\/p>\n\n\n\n<p>Por Rafael Cardoso \u2013 Rep\u00f3rter da Ag\u00eancia Brasil \/ Foto: Juan Segu\u00ed Moreno\/Divulga\u00e7\u00e3o<\/p>\n\n\n\n<p><\/p>\n\n\n\n<p><strong>O Brasil receber\u00e1 entre os dias 30 de mar\u00e7o e 7 de abril o relator especial da Organiza\u00e7\u00e3o das Na\u00e7\u00f5es Unidas (ONU) sobre Promo\u00e7\u00e3o da Verdade, Justi\u00e7a, Repara\u00e7\u00e3o e Garantias de N\u00e3o Repeti\u00e7\u00e3o. Bernard Duhaime vai avaliar se o pa\u00eds tem promovido a\u00e7\u00f5es concretas em rela\u00e7\u00e3o aos crimes cometidos durante a ditadura militar (1964-1985).<\/strong><img decoding=\"async\" src=\"https:\/\/agenciabrasil.ebc.com.br\/ebc.png?id=1636691&amp;o=node\"><img decoding=\"async\" src=\"https:\/\/agenciabrasil.ebc.com.br\/ebc.gif?id=1636691&amp;o=node\"><\/p>\n\n\n\n<p>Nesse per\u00edodo, Duhaime se reunir\u00e1 com autoridades estatais, representantes de organiza\u00e7\u00f5es da sociedade civil, v\u00edtimas, acad\u00eamicos e outros profissionais em Bras\u00edlia, em S\u00e3o Paulo e no Rio de Janeiro.&nbsp;<strong>O representante das Na\u00e7\u00f5es Unidas avaliar\u00e1 medidas quanto \u00e0 verdade, justi\u00e7a, repara\u00e7\u00e3o, constru\u00e7\u00e3o da mem\u00f3ria e garantias de n\u00e3o repeti\u00e7\u00e3o de crimes adotadas pelas autoridades brasileiras sobre viola\u00e7\u00f5es de direitos humanos.<\/strong><\/p>\n\n\n\n<p>O cronograma prev\u00ea entrevista coletiva no dia 7 de abril, no Centro de Informa\u00e7\u00e3o das Na\u00e7\u00f5es Unidas para o Brasil (UNIC Rio), no Pal\u00e1cio do Itamaraty. Na ocasi\u00e3o, ser\u00e3o compartilhadas as primeiras impress\u00f5es da visita. O relat\u00f3rio final est\u00e1 previsto para ser apresentado em setembro ao Conselho de Direitos Humanos da ONU.<\/p>\n\n\n\n<p>Especialistas em procedimentos especiais atuam de forma volunt\u00e1ria \u2013 n\u00e3o s\u00e3o funcion\u00e1rios da ONU, nem recebem sal\u00e1rio pelo trabalho. S\u00e3o independentes de qualquer governo ou organiza\u00e7\u00e3o, o que inclui o Escrit\u00f3rio do Alto Comissariado das Na\u00e7\u00f5es Unidas para os Direitos Humanos.<\/p>\n\n\n\n<h2 class=\"wp-block-heading\">Condena\u00e7\u00f5es internacionais<\/h2>\n\n\n\n<p><strong>A Corte Interamericana de Direitos Humanos (Corte IDH) \u00e9 o principal tribunal internacional voltado para os direitos humanos ao qual o Brasil est\u00e1 submetido. At\u00e9 o momento, o pa\u00eds foi condenado duas vezes por viola\u00e7\u00f5es de direitos ocorridas durante a ditadura militar.<\/strong><\/p>\n\n\n\n<p>No primeiro, em novembro de 2010, o tribunal condenou o pa\u00eds pela atua\u00e7\u00e3o na Guerrilha do Araguaia. O entendimento \u00e9 de que houve viola\u00e7\u00f5es de direitos humanos pelo desaparecimento for\u00e7ado, tortura e execu\u00e7\u00e3o extrajudicial de militantes pol\u00edticos que lutavam contra o regime militar no centro-norte do pa\u00eds. Os respons\u00e1veis pelos crimes nunca foram a julgamento. Um deles foi Sebasti\u00e3o Curi\u00f3 Rodrigues de Moura, conhecido como Major Curi\u00f3, comandante das a\u00e7\u00f5es na regi\u00e3o do Araguaia, que morreu em 2022 sem ter sido condenado.<\/p>\n\n\n\n<p>No segundo caso, em mar\u00e7o de 2018, a Corte IDH declarou o pa\u00eds culpado pela morte do jornalista Vladimir Herzog. Durante a ditadura militar, em 1975, Herzog foi preso, torturado e assassinado por agentes do governo. Na ocasi\u00e3o, tamb\u00e9m foi forjado o suic\u00eddio do jornalista, por meio de uma per\u00edcia fraudulenta. Ningu\u00e9m foi responsabilizado pelo crime.<br><\/p>\n","protected":false},"excerpt":{"rendered":"<p>Representante das Na\u00e7\u00f5es Unidas fica no pa\u00eds do dia 30 a 7 de abril Por<\/p>\n","protected":false},"author":2,"featured_media":101557,"comment_status":"open","ping_status":"open","sticky":false,"template":"","format":"standard","meta":{"footnotes":""},"categories":[17],"tags":[],"class_list":["post-101556","post","type-post","status-publish","format-standard","has-post-thumbnail","hentry","category-outras-noticias"],"_links":{"self":[{"href":"https:\/\/tvc16.com\/portal\/wp-json\/wp\/v2\/posts\/101556","targetHints":{"allow":["GET"]}}],"collection":[{"href":"https:\/\/tvc16.com\/portal\/wp-json\/wp\/v2\/posts"}],"about":[{"href":"https:\/\/tvc16.com\/portal\/wp-json\/wp\/v2\/types\/post"}],"author":[{"embeddable":true,"href":"https:\/\/tvc16.com\/portal\/wp-json\/wp\/v2\/users\/2"}],"replies":[{"embeddable":true,"href":"https:\/\/tvc16.com\/portal\/wp-json\/wp\/v2\/comments?post=101556"}],"version-history":[{"count":1,"href":"https:\/\/tvc16.com\/portal\/wp-json\/wp\/v2\/posts\/101556\/revisions"}],"predecessor-version":[{"id":101558,"href":"https:\/\/tvc16.com\/portal\/wp-json\/wp\/v2\/posts\/101556\/revisions\/101558"}],"wp:featuredmedia":[{"embeddable":true,"href":"https:\/\/tvc16.com\/portal\/wp-json\/wp\/v2\/media\/101557"}],"wp:attachment":[{"href":"https:\/\/tvc16.com\/portal\/wp-json\/wp\/v2\/media?parent=101556"}],"wp:term":[{"taxonomy":"category","embeddable":true,"href":"https:\/\/tvc16.com\/portal\/wp-json\/wp\/v2\/categories?post=101556"},{"taxonomy":"post_tag","embeddable":true,"href":"https:\/\/tvc16.com\/portal\/wp-json\/wp\/v2\/tags?post=101556"}],"curies":[{"name":"wp","href":"https:\/\/api.w.org\/{rel}","templated":true}]}}