{"id":101565,"date":"2025-03-30T06:00:00","date_gmt":"2025-03-30T09:00:00","guid":{"rendered":"https:\/\/tvc16.com\/portal\/?p=101565"},"modified":"2025-03-28T19:12:16","modified_gmt":"2025-03-28T22:12:16","slug":"pe-de-meia-caixa-inicia-pagamento-do-incentivo-de-matricula-a-partir-desta-segunda-feira","status":"publish","type":"post","link":"https:\/\/tvc16.com\/portal\/2025\/03\/30\/pe-de-meia-caixa-inicia-pagamento-do-incentivo-de-matricula-a-partir-desta-segunda-feira\/","title":{"rendered":"P\u00e9-de-meia: Caixa inicia pagamento do incentivo de matr\u00edcula a partir desta segunda-feira"},"content":{"rendered":"\n<p><em>Ser\u00e3o creditadas cerca de 3,9 milh\u00f5es de parcelas nas contas Poupan\u00e7a CAIXA Tem<\/em><\/p>\n\n\n\n<p>A CAIXA inicia, nesta segunda-feira (31), o pagamento do Incentivo Matr\u00edcula do Programa P\u00e9-de-Meia do Governo Federal. O Incentivo Matr\u00edcula \u00e9 destinado a todos os estudantes do ensino m\u00e9dio p\u00fablico que efetivaram sua matr\u00edcula para o ano letivo de 2025. Neste m\u00eas, ser\u00e3o disponibilizadas cerca de 3,9 milh\u00f5es de parcelas, sendo 1,3 milh\u00e3o para novos estudantes.<\/p>\n\n\n\n<p>A parcela ser\u00e1 creditada em conta Poupan\u00e7a CAIXA Tem aberta automaticamente pela CAIXA em nome dos estudantes e os valores poder\u00e3o ser movimentados preferencialmente pelo aplicativo CAIXA Tem.<\/p>\n\n\n\n<p>Neste m\u00eas ser\u00e3o pagas tamb\u00e9m parcelas remanescentes de 2024 dos Incentivos Conclus\u00e3o e Enem, bem como do Incentivo Frequ\u00eancia.<\/p>\n\n\n\n<p>O pagamento ser\u00e1 realizado de forma escalonada, de acordo com o m\u00eas de nascimento do estudante. Confira o calend\u00e1rio de pagamento:<br><br>&nbsp;<\/p>\n\n\n\n<figure class=\"wp-block-table\"><table class=\"has-fixed-layout\"><tbody><tr><td><img decoding=\"async\" alt=\"\" width=\"436\" src=\"https:\/\/ci3.googleusercontent.com\/meips\/ADKq_NawHJgx5md7D1_DuBzmF5ZIDXK3V1EmifqKKWw1mhdIq2bitlKlL_njCFFl1jNmu4XkNzGhzCBvdscRKfaZBEEQgN0e8rltIef7ww15Ch5Kl5B_F0A101osU7QXXRF0386lavnWOqehH78_nO7pHK3rotdXNY5Gm4lFmde9zdbi25uJvC-ogu-npL47dOpyL6Cx20tc-7LS_1tsfO7WYaJ8TaVLR5hKHnewNlCpVdREkewc2EImy6OygAJwpVna95TP0ypjM9uCwspnjgmUFKTu992MjdMF2VZdJgA=s0-d-e1-ft#https:\/\/s2503.imxsnd112.com\/14EmO1UGNklTO602bj5CbpFWbnBUYo5WYtFGZvlWZyJ3bjNmd0pjM0UTM2UTN5EzM6cmbw5CMiFmMjhjNiNzMlBTMxEjNwYDMxQzN5ITO0MTYzEWZ0YkMlEWZ0YkMlQTMxUjMGJTJ1IzMxEzMwIDNz8VL1ETLf9VLwITLfpTN\"><\/td><\/tr><\/tbody><\/table><\/figure>\n\n\n\n<p><strong><u>Informa\u00e7\u00f5es:<\/u><\/strong><\/p>\n\n\n\n<p>O estudante poder\u00e1 consultar informa\u00e7\u00f5es escolares, regras do programa e status de pagamentos (rejeitados ou aprovados) por meio do aplicativo&nbsp;<a href=\"https:\/\/www.gov.br\/mec\/pt-br\/jornadadoestudante\" target=\"_blank\" rel=\"noreferrer noopener\">Jornada do Estudante<\/a>, do Minist\u00e9rio da Educa\u00e7\u00e3o.<\/p>\n\n\n\n<p>Informa\u00e7\u00f5es relativas ao pagamento do benef\u00edcio podem ser consultadas no aplicativo&nbsp;<a href=\"https:\/\/www.caixa.gov.br\/caixatem\/Paginas\/default.aspx\" target=\"_blank\" rel=\"noreferrer noopener\">CAIXA Tem<\/a>.<\/p>\n\n\n\n<p>Mais informa\u00e7\u00f5es sobre o programa podem ser consultadas no site do&nbsp;<a href=\"https:\/\/www.gov.br\/mec\/pt-br\/pe-de-meia\" target=\"_blank\" rel=\"noreferrer noopener\">Minist\u00e9rio da Educa\u00e7\u00e3o<\/a>&nbsp;e no&nbsp;<a href=\"https:\/\/www.caixa.gov.br\/programas-sociais\/pe-de-meia\/Paginas\/default.aspx\" target=\"_blank\" rel=\"noreferrer noopener\">site do banco<\/a>.<\/p>\n\n\n\n<p><strong><u>Atua\u00e7\u00e3o da CAIXA:<\/u><\/strong><\/p>\n\n\n\n<p>A CAIXA desempenha dois pap\u00e9is no programa. Enquanto agente operador do Fundo de Custeio da Poupan\u00e7a de Incentivo \u00e0 Perman\u00eancia e Conclus\u00e3o Escolar para Estudantes do Ensino M\u00e9dio (FIPEM), o banco \u00e9 respons\u00e1vel pela gest\u00e3o dos recursos. Al\u00e9m disso, como agente financeiro, \u00e9&nbsp;respons\u00e1vel pela abertura das contas e disponibiliza\u00e7\u00e3o dos incentivos&nbsp;aos estudantes indicados pelo Minist\u00e9rio da Educa\u00e7\u00e3o, gestor do Programa.<\/p>\n\n\n\n<p><strong><u>Sobre o P\u00e9-de-Meia:<\/u><\/strong><\/p>\n\n\n\n<p>Institu\u00eddo pela Lei 14.818\/2024, o P\u00e9-de-Meia prev\u00ea pagamento do incentivo aos alunos do ensino m\u00e9dio regular e ensino m\u00e9dio da Educa\u00e7\u00e3o de Jovens e Adultos (EJA) que apresentarem frequ\u00eancia escolar adequada e que atendam \u00e0s demais regras do programa.<\/p>\n\n\n\n<p>Al\u00e9m das parcelas mensais, haver\u00e1 um b\u00f4nus anual no valor de R$ 1.000, desde que o estudante seja aprovado no ano escolar.<\/p>\n\n\n\n<p>Caso o estudante comprove a participa\u00e7\u00e3o no Enem ao final do 3\u00ba ano, ser\u00e1 concedido valor adicional, de R$ 200, pago em parcela \u00fanica.<\/p>\n","protected":false},"excerpt":{"rendered":"<p>Ser\u00e3o creditadas cerca de 3,9 milh\u00f5es de parcelas nas contas Poupan\u00e7a CAIXA Tem A CAIXA<\/p>\n","protected":false},"author":2,"featured_media":100638,"comment_status":"open","ping_status":"open","sticky":false,"template":"","format":"standard","meta":{"footnotes":""},"categories":[17],"tags":[],"class_list":["post-101565","post","type-post","status-publish","format-standard","has-post-thumbnail","hentry","category-outras-noticias"],"_links":{"self":[{"href":"https:\/\/tvc16.com\/portal\/wp-json\/wp\/v2\/posts\/101565","targetHints":{"allow":["GET"]}}],"collection":[{"href":"https:\/\/tvc16.com\/portal\/wp-json\/wp\/v2\/posts"}],"about":[{"href":"https:\/\/tvc16.com\/portal\/wp-json\/wp\/v2\/types\/post"}],"author":[{"embeddable":true,"href":"https:\/\/tvc16.com\/portal\/wp-json\/wp\/v2\/users\/2"}],"replies":[{"embeddable":true,"href":"https:\/\/tvc16.com\/portal\/wp-json\/wp\/v2\/comments?post=101565"}],"version-history":[{"count":1,"href":"https:\/\/tvc16.com\/portal\/wp-json\/wp\/v2\/posts\/101565\/revisions"}],"predecessor-version":[{"id":101566,"href":"https:\/\/tvc16.com\/portal\/wp-json\/wp\/v2\/posts\/101565\/revisions\/101566"}],"wp:featuredmedia":[{"embeddable":true,"href":"https:\/\/tvc16.com\/portal\/wp-json\/wp\/v2\/media\/100638"}],"wp:attachment":[{"href":"https:\/\/tvc16.com\/portal\/wp-json\/wp\/v2\/media?parent=101565"}],"wp:term":[{"taxonomy":"category","embeddable":true,"href":"https:\/\/tvc16.com\/portal\/wp-json\/wp\/v2\/categories?post=101565"},{"taxonomy":"post_tag","embeddable":true,"href":"https:\/\/tvc16.com\/portal\/wp-json\/wp\/v2\/tags?post=101565"}],"curies":[{"name":"wp","href":"https:\/\/api.w.org\/{rel}","templated":true}]}}