{"id":101576,"date":"2025-03-29T05:05:00","date_gmt":"2025-03-29T08:05:00","guid":{"rendered":"https:\/\/tvc16.com\/portal\/?p=101576"},"modified":"2025-03-28T19:19:59","modified_gmt":"2025-03-28T22:19:59","slug":"primeira-mostra-holistica-da-rio-expo-eventos-em-petropolis-arrecada-donativos-para-associacao-que-trata-pacientes-com-cancer","status":"publish","type":"post","link":"https:\/\/tvc16.com\/portal\/2025\/03\/29\/primeira-mostra-holistica-da-rio-expo-eventos-em-petropolis-arrecada-donativos-para-associacao-que-trata-pacientes-com-cancer\/","title":{"rendered":"Primeira Mostra Hol\u00edstica da Rio Expo Eventos em Petr\u00f3polis arrecada donativos para associa\u00e7\u00e3o que trata pacientes com c\u00e2ncer"},"content":{"rendered":"\n<p><em>Evento acontece neste fim de semana (29 e 30 de mar\u00e7o) em Corr\u00eaas, e re\u00fane terapias hol\u00edsticas, palestras e produtos m\u00edsticos<\/em><\/p>\n\n\n\n<p>Nos dias 29 e 30 de mar\u00e7o, o Bosque do Taunay, localizado no bairro de Corr\u00eaas, ser\u00e1 o cen\u00e1rio da Primeira Mostra Hol\u00edstica da Rio Expo Eventos, um encontro que promete transformar o fim de semana dos petropolitanos e visitantes com uma programa\u00e7\u00e3o focada em bem-estar, sa\u00fade alternativa e sustentabilidade.<\/p>\n\n\n\n<p>A entrada \u00e9 gratuita, mas a organiza\u00e7\u00e3o pede doa\u00e7\u00e3o de alimentos n\u00e3o perec\u00edveis ou roupas que ser\u00e3o doados para a APPO &#8211; Associa\u00e7\u00e3o Petropolitana de Pacientes Oncol\u00f3gicos.<\/p>\n\n\n\n<p>O evento estar\u00e1 aberto ao p\u00fablico a partir das 11h da manh\u00e3, nos dois dias.<\/p>\n\n\n\n<p>A Mostra Hol\u00edstica re\u00fane uma s\u00e9rie de terapeutas, expositores e palestrantes especializados em diversas pr\u00e1ticas que buscam promover o equil\u00edbrio f\u00edsico, mental e espiritual.<\/p>\n\n\n\n<p>Entre as terapias e atendimentos oferecidos, o p\u00fablico poder\u00e1 vivenciar pr\u00e1ticas como Reiki, tratamentos energ\u00e9ticos com mesas radi\u00f4nicas, apometria, constela\u00e7\u00e3o familiar, astrologia e or\u00e1culos.<\/p>\n\n\n\n<p>Al\u00e9m dos atendimentos, o evento contar\u00e1 com uma programa\u00e7\u00e3o de palestras enriquecedoras sobre temas como biomagnetismo, alimenta\u00e7\u00e3o saud\u00e1vel, espiritualidade e outros assuntos que t\u00eam ganhado destaque nas discuss\u00f5es sobre sa\u00fade e qualidade de vida.<\/p>\n\n\n\n<p>As terapias hol\u00edsticas, reconhecidas por muitos profissionais da \u00e1rea de sa\u00fade, s\u00e3o tratamentos alternativos que n\u00e3o se op\u00f5em \u00e0 medicina tradicional, sendo algumas delas inclusive reconhecidas pelo Sistema \u00danico de Sa\u00fade (SUS).<\/p>\n\n\n\n<p>Com foco no bem-estar integral, a Primeira Mostra Hol\u00edstica tamb\u00e9m traz ao p\u00fablico produtos m\u00edsticos e sustent\u00e1veis, de forma a agregar conhecimento e produtos que possam contribuir para uma vida mais equilibrada e consciente.<\/p>\n\n\n\n<p>A Rio Expo Eventos \u00e9 um bra\u00e7o da empresa Rio Arquitetura &amp; Design, que trocou a cidade do Rio por Petr\u00f3polis e promove eventos na \u00e1rea de arquitetura, decora\u00e7\u00e3o, sustentabilidade e bem-estar.<\/p>\n\n\n\n<p>Leandro Braz, CEO das empresas destaca a import\u00e2ncia de Petr\u00f3polis como um polo de eventos: &#8220;Al\u00e9m da riqueza arquitet\u00f4nica, charme e seguran\u00e7a, a cidade \u00e9 um ponto estrat\u00e9gico para conectar profissionais do Rio de Janeiro, Minas Gerais e outras cidades da regi\u00e3o serrana&#8221;, afirmou Leandro, que possui mais de 25 anos de experi\u00eancia no mercado.<\/p>\n","protected":false},"excerpt":{"rendered":"<p>Evento acontece neste fim de semana (29 e 30 de mar\u00e7o) em Corr\u00eaas, e re\u00fane<\/p>\n","protected":false},"author":2,"featured_media":101577,"comment_status":"open","ping_status":"open","sticky":false,"template":"","format":"standard","meta":{"footnotes":""},"categories":[12],"tags":[],"class_list":["post-101576","post","type-post","status-publish","format-standard","has-post-thumbnail","hentry","category-cidade"],"_links":{"self":[{"href":"https:\/\/tvc16.com\/portal\/wp-json\/wp\/v2\/posts\/101576","targetHints":{"allow":["GET"]}}],"collection":[{"href":"https:\/\/tvc16.com\/portal\/wp-json\/wp\/v2\/posts"}],"about":[{"href":"https:\/\/tvc16.com\/portal\/wp-json\/wp\/v2\/types\/post"}],"author":[{"embeddable":true,"href":"https:\/\/tvc16.com\/portal\/wp-json\/wp\/v2\/users\/2"}],"replies":[{"embeddable":true,"href":"https:\/\/tvc16.com\/portal\/wp-json\/wp\/v2\/comments?post=101576"}],"version-history":[{"count":1,"href":"https:\/\/tvc16.com\/portal\/wp-json\/wp\/v2\/posts\/101576\/revisions"}],"predecessor-version":[{"id":101578,"href":"https:\/\/tvc16.com\/portal\/wp-json\/wp\/v2\/posts\/101576\/revisions\/101578"}],"wp:featuredmedia":[{"embeddable":true,"href":"https:\/\/tvc16.com\/portal\/wp-json\/wp\/v2\/media\/101577"}],"wp:attachment":[{"href":"https:\/\/tvc16.com\/portal\/wp-json\/wp\/v2\/media?parent=101576"}],"wp:term":[{"taxonomy":"category","embeddable":true,"href":"https:\/\/tvc16.com\/portal\/wp-json\/wp\/v2\/categories?post=101576"},{"taxonomy":"post_tag","embeddable":true,"href":"https:\/\/tvc16.com\/portal\/wp-json\/wp\/v2\/tags?post=101576"}],"curies":[{"name":"wp","href":"https:\/\/api.w.org\/{rel}","templated":true}]}}