{"id":101579,"date":"2025-03-30T05:22:00","date_gmt":"2025-03-30T08:22:00","guid":{"rendered":"https:\/\/tvc16.com\/portal\/?p=101579"},"modified":"2025-03-28T19:24:07","modified_gmt":"2025-03-28T22:24:07","slug":"vii-congresso-de-rh-petropolis-reune-especialistas-para-discutir-a-transformacao-do-digital-para-o-humano","status":"publish","type":"post","link":"https:\/\/tvc16.com\/portal\/2025\/03\/30\/vii-congresso-de-rh-petropolis-reune-especialistas-para-discutir-a-transformacao-do-digital-para-o-humano\/","title":{"rendered":"VII Congresso de RH Petr\u00f3polis re\u00fane especialistas para discutir a transforma\u00e7\u00e3o &#8220;Do Digital para o Humano&#8221;"},"content":{"rendered":"\n<p>Nos dias 10 e 11 de abril, o Instituto Teol\u00f3gico Franciscano ser\u00e1 palco do VII Congresso de RH Petr\u00f3polis, um dos mais importantes eventos regionais para o desenvolvimento e inova\u00e7\u00e3o na gest\u00e3o de pessoas. Com o tema \u201cDo Digital para o Humano\u201d , o evento prop\u00f5e um olhar estrat\u00e9gico sobre como a tecnologia pode trazer rela\u00e7\u00f5es mais humanas e ambientes de trabalho mais conectados e produtivos.<\/p>\n\n\n\n<p>O Congresso contar\u00e1 com a presen\u00e7a de palestrantes renomados, que trar\u00e3o debates e desafios relevantes sobre lideran\u00e7a,sa\u00fade mental, cultura organizacional, inova\u00e7\u00e3o, diversidade e os desafios das empresas no cen\u00e1rio digital.A programa\u00e7\u00e3o completa est\u00e1 dispon\u00edvel nas redes do congresso ou na p\u00e1gina do Sympla.<\/p>\n\n\n\n<p>\u201cEste ano estamos com uma novidade. O Congresso ser\u00e1 totalmente acess\u00edvel e contar\u00e1 com rampas de acesso e int\u00e9rpretes de libras, al\u00e9m de uma salinha de descompress\u00e3o. Ressalto que idosos, estudantes e pessoas com defici\u00eancia podem adquirir meia entrada. O evento tem o nome de RH, mas os temas s\u00e3o sempre muito atuais e aplic\u00e1veis em todas as empresas, por isso convido a todos para que participem deste momento de troca e di\u00e1logo\u201d, contou Ananisa de Souza, idealizadora e organizadora do Congresso.<\/p>\n\n\n\n<p>Al\u00e9m das palestras, o evento ser\u00e1 uma oportunidade \u00fanica de networking e troca de experi\u00eancias entre profissionais e empresas, fortalecendo a comunidade empresarial e de RH da regi\u00e3o serrana e arredores. O VII Congresso de RH Petr\u00f3polis tamb\u00e9m conta com o apoio de grandes parceiros e patrocinadores , que compartilham o compromisso de fomentar o conhecimento e o desenvolvimento humano da cidade.<\/p>\n\n\n\n<p>Os ingressos j\u00e1 est\u00e3o nos \u00faltimos lotes, e a expectativa \u00e9 receber um p\u00fablico altamente qualificado e engajado na constru\u00e7\u00e3o de um RH mais estrat\u00e9gico, inovador e humano.<\/p>\n\n\n\n<p>Servi\u00e7o:<br>Data: 10 e 11 de abril de 2025<br>Local: Instituto Teol\u00f3gico Franciscano &#8211; Rua Coronel Veiga, 550 &#8211; Centro\/Petr\u00f3polis- RJ<\/p>\n\n\n\n<p>Informa\u00e7\u00f5es : congressorhpetropolis.com.br<\/p>\n\n\n\n<p>Whatsapp: 24- 98809-1822<\/p>\n\n\n\n<p>Redes: @congressoderhpetropolis<\/p>\n\n\n\n<p>Ingressos: www.sympla.com.br<\/p>\n\n\n\n<p><\/p>\n","protected":false},"excerpt":{"rendered":"<p>Nos dias 10 e 11 de abril, o Instituto Teol\u00f3gico Franciscano ser\u00e1 palco do VII<\/p>\n","protected":false},"author":2,"featured_media":101580,"comment_status":"open","ping_status":"open","sticky":false,"template":"","format":"standard","meta":{"footnotes":""},"categories":[12],"tags":[],"class_list":["post-101579","post","type-post","status-publish","format-standard","has-post-thumbnail","hentry","category-cidade"],"_links":{"self":[{"href":"https:\/\/tvc16.com\/portal\/wp-json\/wp\/v2\/posts\/101579","targetHints":{"allow":["GET"]}}],"collection":[{"href":"https:\/\/tvc16.com\/portal\/wp-json\/wp\/v2\/posts"}],"about":[{"href":"https:\/\/tvc16.com\/portal\/wp-json\/wp\/v2\/types\/post"}],"author":[{"embeddable":true,"href":"https:\/\/tvc16.com\/portal\/wp-json\/wp\/v2\/users\/2"}],"replies":[{"embeddable":true,"href":"https:\/\/tvc16.com\/portal\/wp-json\/wp\/v2\/comments?post=101579"}],"version-history":[{"count":1,"href":"https:\/\/tvc16.com\/portal\/wp-json\/wp\/v2\/posts\/101579\/revisions"}],"predecessor-version":[{"id":101581,"href":"https:\/\/tvc16.com\/portal\/wp-json\/wp\/v2\/posts\/101579\/revisions\/101581"}],"wp:featuredmedia":[{"embeddable":true,"href":"https:\/\/tvc16.com\/portal\/wp-json\/wp\/v2\/media\/101580"}],"wp:attachment":[{"href":"https:\/\/tvc16.com\/portal\/wp-json\/wp\/v2\/media?parent=101579"}],"wp:term":[{"taxonomy":"category","embeddable":true,"href":"https:\/\/tvc16.com\/portal\/wp-json\/wp\/v2\/categories?post=101579"},{"taxonomy":"post_tag","embeddable":true,"href":"https:\/\/tvc16.com\/portal\/wp-json\/wp\/v2\/tags?post=101579"}],"curies":[{"name":"wp","href":"https:\/\/api.w.org\/{rel}","templated":true}]}}