{"id":10158,"date":"2021-02-07T12:06:42","date_gmt":"2021-02-07T15:06:42","guid":{"rendered":"https:\/\/tvc16.com\/portal\/?p=10158"},"modified":"2021-02-07T12:06:45","modified_gmt":"2021-02-07T15:06:45","slug":"os-cerca-de-700-mil-alunos-da-rede-estadual-vao-contar-com-mais-uma-ferramenta-de-ensino-a-partir-de-marco-videoaulas","status":"publish","type":"post","link":"https:\/\/tvc16.com\/portal\/2021\/02\/07\/os-cerca-de-700-mil-alunos-da-rede-estadual-vao-contar-com-mais-uma-ferramenta-de-ensino-a-partir-de-marco-videoaulas\/","title":{"rendered":"Os cerca de 700 mil alunos da rede estadual v\u00e3o contar com mais uma ferramenta de ensino a partir de mar\u00e7o: videoaulas"},"content":{"rendered":"\n<p>Com o objetivo de rever conte\u00fados de 2020 de todas as mat\u00e9rias e s\u00e9ries, um grupo de 96 professores est\u00e1 gravando em um est\u00fadio profissional cedido pela Firjan.\u00a0 Ser\u00e3o 680 aulas que estar\u00e3o dispon\u00edveis no Youtube e poder\u00e3o ser acessadas pelos estudantes por meio de um aplicativo com internet paga pela Secretaria de Estado de Educa\u00e7\u00e3o (Seeduc).As videoaulas fazem parte do plano pedag\u00f3gico que estabeleceu uma s\u00e9rie de atividades extras para a reposi\u00e7\u00e3o de conte\u00fados perdidos pelos alunos, ap\u00f3s a suspens\u00e3o das aulas na maior parte do ano passado por conta da pandemia. Cada v\u00eddeo ter\u00e1 o resumo da mat\u00e9ria por bimestre e ser\u00e1 disponibilizado junto a materiais did\u00e1ticos digitalizados, al\u00e9m de podcasts com detalhamento das aulas.<br>\u2014 A produ\u00e7\u00e3o dos v\u00eddeos faz parte do planejamento estrat\u00e9gico do Governo do Estado de trazer a educa\u00e7\u00e3o estadual para o s\u00e9culo XXI. Isso inclui nosso investimento em um aplicativo, onde os alunos ter\u00e3o acesso a todo o conte\u00fado que est\u00e1 sendo feito e ao Google Classroom (aulas ao vivo). Tudo dentro de uma navega\u00e7\u00e3o de qualidade e gratuita \u2013 explica o secret\u00e1rio de Educa\u00e7\u00e3o, Comte Bittencourt.<br>Para a coordenadora do projeto das videoaulas, a subsecret\u00e1ria de Gest\u00e3o de Ensino da Secretaria de Estado de Educa\u00e7\u00e3o, Andrea Marinho, o novo projeto pedag\u00f3gico vai oferecer aos estudantes um modelo completo de estudos em tempos de pandemia.<br>\u2014 Nosso projeto pedag\u00f3gico para o in\u00edcio de 2021 \u00e9 a soma da compet\u00eancia de nossos professores com as possibilidades que a tecnologia nos traz, privilegiando diferentes alternativas para levar educa\u00e7\u00e3o de qualidade e conectada aos nossos alunos \u2013 explica Andrea Marinho.<\/p>\n\n\n\n<p><strong>Reinven\u00e7\u00e3o da sala de aula<\/strong><br>Sob a luz do forte refletor do est\u00fadio, a professora de Biologia, Jeniffer Cruz, l\u00ea o teleprompter, equipamento que passa o texto. Ap\u00f3s duas aulas gravadas, ela se sente mais segura com a experi\u00eancia in\u00e9dita, depois de 15 anos em sala de aula.<br>&#8211; \u00c9 um per\u00edodo de reinven\u00e7\u00e3o. Todo mundo teve que se reinventar, tanto aluno como professor, dire\u00e7\u00e3o, fam\u00edlia. Ent\u00e3o, foi um tempo de readapta\u00e7\u00e3o e continua sendo, porque o ser humano precisa de contato com outros seres humanos e o tempo todo estamos evitando esse contato. Isso nunca vai ser normal. A gente est\u00e1 tentando se aproximar, na medida do poss\u00edvel, do que \u00e9 ser humano \u2013 afirma.<br>O professor de Matem\u00e1tica, Herivelto Nunes, j\u00e1 gravava aulas de casa e elogiou a estrutura do novo projeto.<br>\u2014 \u00c9 uma adapta\u00e7\u00e3o a um novo horizonte. Temos toda uma estrutura aqui no est\u00fadio que auxilia a grava\u00e7\u00e3o da aula e nos deixa mais \u00e0 vontade. Sendo assim, \u00e9 uma iniciativa de grande valia para todos n\u00f3s &#8211; finalizou.<\/p>\n\n\n\n<figure class=\"wp-block-image size-large\"><img loading=\"lazy\" decoding=\"async\" width=\"1024\" height=\"683\" src=\"https:\/\/tvc16.com\/portal\/wp-content\/uploads\/2021\/02\/CMF-VIDEOAULAS-9-1024x683.jpg\" alt=\"\" class=\"wp-image-10159\" srcset=\"https:\/\/tvc16.com\/portal\/wp-content\/uploads\/2021\/02\/CMF-VIDEOAULAS-9-1024x683.jpg 1024w, https:\/\/tvc16.com\/portal\/wp-content\/uploads\/2021\/02\/CMF-VIDEOAULAS-9-300x200.jpg 300w, https:\/\/tvc16.com\/portal\/wp-content\/uploads\/2021\/02\/CMF-VIDEOAULAS-9-768x512.jpg 768w, https:\/\/tvc16.com\/portal\/wp-content\/uploads\/2021\/02\/CMF-VIDEOAULAS-9-1536x1024.jpg 1536w\" sizes=\"auto, (max-width: 1024px) 100vw, 1024px\" \/><figcaption>Rio de Janeiro, 04-02-2021 &#8211; Rio de Janeiro, 04-02-2021 -Herivelto Nunes &#8211; Professor de Matem\u00e1tica da rede estadual, gravando videoaulas.\rFoto: Carlos Magno<\/figcaption><\/figure>\n\n\n\n<p><br>As aulas na rede come\u00e7am no dia 1\u00ba de mar\u00e7o nos modelos de ensino h\u00edbrido (remoto e presencial, com turmas em sala de aula em dias alternados) ou somente remoto, dependendo das recomenda\u00e7\u00f5es do Comit\u00ea Cient\u00edfico e das autoridades de sa\u00fade. A partir de maio, ser\u00e1 iniciado um trabalho com os conte\u00fados referentes \u00e0 s\u00e9rie ou ao ano de escolaridade em que o aluno est\u00e1 matriculado.<\/p>\n","protected":false},"excerpt":{"rendered":"<p>Com o objetivo de rever conte\u00fados de 2020 de todas as mat\u00e9rias e s\u00e9ries, um<\/p>\n","protected":false},"author":2,"featured_media":10160,"comment_status":"open","ping_status":"open","sticky":false,"template":"","format":"standard","meta":{"footnotes":""},"categories":[17],"tags":[],"class_list":["post-10158","post","type-post","status-publish","format-standard","has-post-thumbnail","hentry","category-outras-noticias"],"_links":{"self":[{"href":"https:\/\/tvc16.com\/portal\/wp-json\/wp\/v2\/posts\/10158","targetHints":{"allow":["GET"]}}],"collection":[{"href":"https:\/\/tvc16.com\/portal\/wp-json\/wp\/v2\/posts"}],"about":[{"href":"https:\/\/tvc16.com\/portal\/wp-json\/wp\/v2\/types\/post"}],"author":[{"embeddable":true,"href":"https:\/\/tvc16.com\/portal\/wp-json\/wp\/v2\/users\/2"}],"replies":[{"embeddable":true,"href":"https:\/\/tvc16.com\/portal\/wp-json\/wp\/v2\/comments?post=10158"}],"version-history":[{"count":1,"href":"https:\/\/tvc16.com\/portal\/wp-json\/wp\/v2\/posts\/10158\/revisions"}],"predecessor-version":[{"id":10161,"href":"https:\/\/tvc16.com\/portal\/wp-json\/wp\/v2\/posts\/10158\/revisions\/10161"}],"wp:featuredmedia":[{"embeddable":true,"href":"https:\/\/tvc16.com\/portal\/wp-json\/wp\/v2\/media\/10160"}],"wp:attachment":[{"href":"https:\/\/tvc16.com\/portal\/wp-json\/wp\/v2\/media?parent=10158"}],"wp:term":[{"taxonomy":"category","embeddable":true,"href":"https:\/\/tvc16.com\/portal\/wp-json\/wp\/v2\/categories?post=10158"},{"taxonomy":"post_tag","embeddable":true,"href":"https:\/\/tvc16.com\/portal\/wp-json\/wp\/v2\/tags?post=10158"}],"curies":[{"name":"wp","href":"https:\/\/api.w.org\/{rel}","templated":true}]}}