{"id":101582,"date":"2025-03-29T06:00:00","date_gmt":"2025-03-29T09:00:00","guid":{"rendered":"https:\/\/tvc16.com\/portal\/?p=101582"},"modified":"2025-03-28T19:25:36","modified_gmt":"2025-03-28T22:25:36","slug":"encontro-das-artes-2025-petropolis-recebe-primeira-edicao-do-evento","status":"publish","type":"post","link":"https:\/\/tvc16.com\/portal\/2025\/03\/29\/encontro-das-artes-2025-petropolis-recebe-primeira-edicao-do-evento\/","title":{"rendered":"Encontro das Artes 2025: Petr\u00f3polis recebe primeira edi\u00e7\u00e3o do evento"},"content":{"rendered":"\n<p><em>Promovido pela Secretaria de Cultura do Governo do Estado passar\u00e1 por dez regi\u00f5es do Rio de Janeiro e tem sua primeira edi\u00e7\u00e3o em Petr\u00f3polis<\/em><\/p>\n\n\n\n<p>Come\u00e7ou na tarde desta sexta-feira (28) a primeira edi\u00e7\u00e3o do Encontro das Artes 2025. A iniciativa \u00e9 da Secretaria de Estado de Cultura e Economia Criativa do Rio de Janeiro &#8211; Sececrj e tem Petr\u00f3polis como a primeira cidade a receber a s\u00e9rie de debates sobre cultura e pol\u00edtica de editais, que segue tamb\u00e9m neste s\u00e1bado (29). O evento percorrer\u00e1 as dez regi\u00f5es do estado.<\/p>\n\n\n\n<p>\u201cA gente sabe o quanto a Cultura \u00e9 fundamental para qualquer cidade. Ela gera empregos e oportunidades para muitas pessoas. Petr\u00f3polis \u00e9 uma cidade que respira hist\u00f3ria e cultura e ter aqui na cidade esse evento t\u00e3o importante do governo do Estado, com apoio da secretaria de Cultura Danielle Barros e do Governador Cl\u00e1udio Castro, \u00e9 a certeza de que no futuro mais oportunidades de desenvolver a cidade v\u00e3o surgir por meio da cultura, da valoriza\u00e7\u00e3o dos nossos artistas\u201d, destaca o prefeito Hingo Hammes.<\/p>\n\n\n\n<p>O Encontro tem como principal objetivo promover um espa\u00e7o de troca de informa\u00e7\u00f5es, di\u00e1logo e intera\u00e7\u00e3o entre artistas, produtores culturais e gestores com a equipe da Secretaria. A partir de hoje, at\u00e9 amanh\u00e3, ser\u00e3o discutidos temas como pol\u00edtica de editais, a Lei Estadual de Incentivo \u00e0 Cultura e a produ\u00e7\u00e3o cultural local.<\/p>\n\n\n\n<pre class=\"wp-block-code\"><code>\u201cPetr\u00f3polis foi escolhido o primeiro munic\u00edpio por todo o desenho hist\u00f3rico que a cidade tem pelo trabalho que est\u00e1 sendo desenvolvido aqui pelo secret\u00e1rio Adenilson Honorato. Foi importante que o prefeito estivesse aqui para dar apoio \u00e0 secretaria de cultura. A gente quer democratizar esse acesso aos recursos voltados para a cultura. As d\u00favidas s\u00e3o sempre de como captar recursos, como se inscrever nos processos e como prestar conta disso. A gente trouxe nossa equipe t\u00e9cnica para tirar essas d\u00favidas e conhecer melhor a realidade de cada cidade do nosso estado\u201d, explicou a chefe de gabinete da Sececrj, Cl\u00e1udia Raybolt, que veio \u00e0 Petr\u00f3polis representando a secret\u00e1ria de Cultura e Economia Criativa Danielle Barros.\n\n\nNesta sexta-feira houve uma rodada de perguntas e respostas, promovendo uma din\u00e2mica para que o p\u00fablico tirasse todas as d\u00favidas sobre os projetos da Sececrj. J\u00e1 no s\u00e1bado, acontecer\u00e1 uma mesa de conversa sobre a cena cultural local e suas rela\u00e7\u00f5es com o territ\u00f3rio, abordando os desafios e as necessidades de cada regi\u00e3o.<\/code><\/pre>\n\n\n\n<p>&#8220;Esse \u00e9 um momento muito importante para a Cultura em Petr\u00f3polis. Uma cidade que \u00e9 rica em cultura, em seus diversos segmentos. Recentemente, conseguimos realizar uma bonita festa de Carnaval e temos pela frente um dos grandes eventos culturais do Estado, a Festa do Colono Alem\u00e3o, a Baurnfest. Trazer o Encontro das Artes para c\u00e1 \u00e9 mais uma oportunidade de fomentar a cultura na cidade e capacitar os nossos fazedores de cultura a se qualificarem, principalmente, no que diz respeito \u00e0s leis de incentivo&#8221;, destacou o presidente do IMC, Adenilson Honorato, que recentemente foi eleito presidente do F\u00f3rum de Gestores Municipais de Cultura do Rio de Janeiro.<\/p>\n\n\n\n<p>Programa\u00e7\u00e3o &#8211; Encontro das Artes Petr\u00f3polis<\/p>\n\n\n\n<p>1\u00ba Dia: 28 de mar\u00e7o (sexta-feira) \u2013 13h \u00e0s 20h<\/p>\n\n\n\n<p>13h | Caf\u00e9 para recep\u00e7\u00e3o do p\u00fablico e inscri\u00e7\u00e3o;<br>14h | Abertura institucional com a Chefe de Gabinete da SECEC-RJ (Claudia Raybolt), o Presidente do Instituto Municipal de Cultura de Petr\u00f3polis (Adenilson Honorato) e a Superintendente de Artes (Cristina de P\u00e1dula Cattan);<br>14h40 | Apresenta\u00e7\u00e3o da miss\u00e3o e a\u00e7\u00f5es da SECEC-RJ com as equipes e superintend\u00eancias;<br>15h30 | Tira d\u00favidas da Cultura com os setores da SECEC-RJ;<br>19h | Lan\u00e7amento do projeto Dan\u00e7ar, Empreender, Vencer!;<\/p>\n\n\n\n<p>2\u00ba Dia: 29 de mar\u00e7o (s\u00e1bado) &#8211; 9h \u00e0s 17h<\/p>\n\n\n\n<p>9h | Caf\u00e9 para recep\u00e7\u00e3o do p\u00fablico e inscri\u00e7\u00e3o;<br>9h30 \u00e0s 11h | Apresenta\u00e7\u00e3o da Lei de Incentivo \u00e0 Cultura do Estado do Rio de Janeiro (Lei do ICMS) com equipe SECEC-RJ;<br>11h15 \u00e0s 13h | Apresenta\u00e7\u00e3o dos Editais da SECEC-RJ com a Presidente da Comiss\u00e3o de Editais da SECEC-RJ, Tatiana Salom\u00e3o;<br>14h \u00e0s 17h | Mesa de Conversa: a Cena Cultural Local e suas Rela\u00e7\u00f5es com&nbsp;o&nbsp;Territ\u00f3ri<\/p>\n","protected":false},"excerpt":{"rendered":"<p>Promovido pela Secretaria de Cultura do Governo do Estado passar\u00e1 por dez regi\u00f5es do Rio<\/p>\n","protected":false},"author":2,"featured_media":101583,"comment_status":"open","ping_status":"open","sticky":false,"template":"","format":"standard","meta":{"footnotes":""},"categories":[12],"tags":[],"class_list":["post-101582","post","type-post","status-publish","format-standard","has-post-thumbnail","hentry","category-cidade"],"_links":{"self":[{"href":"https:\/\/tvc16.com\/portal\/wp-json\/wp\/v2\/posts\/101582","targetHints":{"allow":["GET"]}}],"collection":[{"href":"https:\/\/tvc16.com\/portal\/wp-json\/wp\/v2\/posts"}],"about":[{"href":"https:\/\/tvc16.com\/portal\/wp-json\/wp\/v2\/types\/post"}],"author":[{"embeddable":true,"href":"https:\/\/tvc16.com\/portal\/wp-json\/wp\/v2\/users\/2"}],"replies":[{"embeddable":true,"href":"https:\/\/tvc16.com\/portal\/wp-json\/wp\/v2\/comments?post=101582"}],"version-history":[{"count":1,"href":"https:\/\/tvc16.com\/portal\/wp-json\/wp\/v2\/posts\/101582\/revisions"}],"predecessor-version":[{"id":101584,"href":"https:\/\/tvc16.com\/portal\/wp-json\/wp\/v2\/posts\/101582\/revisions\/101584"}],"wp:featuredmedia":[{"embeddable":true,"href":"https:\/\/tvc16.com\/portal\/wp-json\/wp\/v2\/media\/101583"}],"wp:attachment":[{"href":"https:\/\/tvc16.com\/portal\/wp-json\/wp\/v2\/media?parent=101582"}],"wp:term":[{"taxonomy":"category","embeddable":true,"href":"https:\/\/tvc16.com\/portal\/wp-json\/wp\/v2\/categories?post=101582"},{"taxonomy":"post_tag","embeddable":true,"href":"https:\/\/tvc16.com\/portal\/wp-json\/wp\/v2\/tags?post=101582"}],"curies":[{"name":"wp","href":"https:\/\/api.w.org\/{rel}","templated":true}]}}