{"id":101585,"date":"2025-03-29T06:00:00","date_gmt":"2025-03-29T09:00:00","guid":{"rendered":"https:\/\/tvc16.com\/portal\/?p=101585"},"modified":"2025-03-28T19:42:46","modified_gmt":"2025-03-28T22:42:46","slug":"prefeitura-instala-luminarias-de-led-em-rua-do-centro","status":"publish","type":"post","link":"https:\/\/tvc16.com\/portal\/2025\/03\/29\/prefeitura-instala-luminarias-de-led-em-rua-do-centro\/","title":{"rendered":"Prefeitura instala lumin\u00e1rias de LED em rua do Centro"},"content":{"rendered":"\n<p>A Prefeitura iniciou nesta sexta-feira (28\/03) a instala\u00e7\u00e3o de lumin\u00e1rias de LED em um trecho da Av. Visconde de Bom Retiro, no Centro. Oito lumin\u00e1rias foram colocadas, ampliando a capacidade de ilumina\u00e7\u00e3o no local.<\/p>\n\n\n\n<p>Nessa rua, havia lumin\u00e1rias de 80 watts de pot\u00eancia, mas agora o Departamento de Ilumina\u00e7\u00e3o P\u00fablica, \u00f3rg\u00e3o vinculado \u00e0 Secretaria de Servi\u00e7os, Seguran\u00e7a e Ordem P\u00fablica (SSOP), colocou equipamentos de 100 watts.<\/p>\n\n\n\n<p>&#8220;Esse servi\u00e7o vai proporcionar uma seguran\u00e7a ainda maior para quem utiliza esse trecho, porque n\u00f3s estamos proporcionando uma visibilidade superior ao que havia no local&#8221;, destaca o prefeito Hingo Hammes.<\/p>\n\n\n\n<p>A instala\u00e7\u00e3o de LED j\u00e1 vem ocorrendo ao longo de todo ano. Entre janeiro e fevereiro, o Departamento de Ilumina\u00e7\u00e3o P\u00fablica, \u00f3rg\u00e3o vinculado \u00e0 Secretaria de Servi\u00e7os, Seguran\u00e7a e Ordem P\u00fablica (SSOP), fez a troca de l\u00e2mpadas comuns por LED em 233 pontos, fez extens\u00e3o de rede com 55 novos pontos de luz (que foram criados j\u00e1 com lumin\u00e1rias de LED) e manuten\u00e7\u00e3o de 588 pontos que j\u00e1 tinham&nbsp;a&nbsp;tecnologia.<\/p>\n","protected":false},"excerpt":{"rendered":"<p>A Prefeitura iniciou nesta sexta-feira (28\/03) a instala\u00e7\u00e3o de lumin\u00e1rias de LED em um trecho<\/p>\n","protected":false},"author":2,"featured_media":101586,"comment_status":"open","ping_status":"open","sticky":false,"template":"","format":"standard","meta":{"footnotes":""},"categories":[12],"tags":[],"class_list":["post-101585","post","type-post","status-publish","format-standard","has-post-thumbnail","hentry","category-cidade"],"_links":{"self":[{"href":"https:\/\/tvc16.com\/portal\/wp-json\/wp\/v2\/posts\/101585","targetHints":{"allow":["GET"]}}],"collection":[{"href":"https:\/\/tvc16.com\/portal\/wp-json\/wp\/v2\/posts"}],"about":[{"href":"https:\/\/tvc16.com\/portal\/wp-json\/wp\/v2\/types\/post"}],"author":[{"embeddable":true,"href":"https:\/\/tvc16.com\/portal\/wp-json\/wp\/v2\/users\/2"}],"replies":[{"embeddable":true,"href":"https:\/\/tvc16.com\/portal\/wp-json\/wp\/v2\/comments?post=101585"}],"version-history":[{"count":1,"href":"https:\/\/tvc16.com\/portal\/wp-json\/wp\/v2\/posts\/101585\/revisions"}],"predecessor-version":[{"id":101587,"href":"https:\/\/tvc16.com\/portal\/wp-json\/wp\/v2\/posts\/101585\/revisions\/101587"}],"wp:featuredmedia":[{"embeddable":true,"href":"https:\/\/tvc16.com\/portal\/wp-json\/wp\/v2\/media\/101586"}],"wp:attachment":[{"href":"https:\/\/tvc16.com\/portal\/wp-json\/wp\/v2\/media?parent=101585"}],"wp:term":[{"taxonomy":"category","embeddable":true,"href":"https:\/\/tvc16.com\/portal\/wp-json\/wp\/v2\/categories?post=101585"},{"taxonomy":"post_tag","embeddable":true,"href":"https:\/\/tvc16.com\/portal\/wp-json\/wp\/v2\/tags?post=101585"}],"curies":[{"name":"wp","href":"https:\/\/api.w.org\/{rel}","templated":true}]}}