{"id":101588,"date":"2025-03-31T06:00:00","date_gmt":"2025-03-31T09:00:00","guid":{"rendered":"https:\/\/tvc16.com\/portal\/?p=101588"},"modified":"2025-03-31T09:05:02","modified_gmt":"2025-03-31T12:05:02","slug":"pib-cresceu-mais-rapido-depois-da-pandemia-diz-estudo-da-fiemg","status":"publish","type":"post","link":"https:\/\/tvc16.com\/portal\/2025\/03\/31\/pib-cresceu-mais-rapido-depois-da-pandemia-diz-estudo-da-fiemg\/","title":{"rendered":"PIB cresceu mais r\u00e1pido depois da pandemia, diz estudo da Fiemg"},"content":{"rendered":"\n<p><em>Recupera\u00e7\u00e3o acelerada foi impulsionada pelo aumento do consumo<\/em><\/p>\n\n\n\n<p>Por Guilherme Jeronymo &#8211; rep\u00f3rter da Ag\u00eancia Brasil \/ Foto: Tomaz Silva\/Ag\u00eancia Brasil<\/p>\n\n\n\n<p><\/p>\n\n\n\n<p>A economia brasileira no tri\u00eanio p\u00f3s-pandemia, de 2022 a 2024, cresceu em ritmo&nbsp;duas vezes maior do que o registrado nos tr\u00eas anos anteriores \u00e0 covid-19.<img decoding=\"async\" src=\"https:\/\/agenciabrasil.ebc.com.br\/ebc.png?id=1636686&amp;o=node\"><img decoding=\"async\" src=\"https:\/\/agenciabrasil.ebc.com.br\/ebc.gif?id=1636686&amp;o=node\"><\/p>\n\n\n\n<p>Estudo divulgado nesta sexta-feira (28) pela Federa\u00e7\u00e3o das Ind\u00fastrias do Estado de Minas Gerais (Fiemg) mostra que, entre 2017 e 2019, o Produto Interno Bruto (PIB) aumentou, em m\u00e9dia, 1,4%. J\u00e1 entre 2022 e 2024, a alta foi de 3,2%.<\/p>\n\n\n\n<p>O levantamento aponta que&nbsp;<strong>essa recupera\u00e7\u00e3o acelerada foi impulsionada pelo aumento do consumo<\/strong>, fortalecido pela recupera\u00e7\u00e3o do mercado de trabalho e pela amplia\u00e7\u00e3o do cr\u00e9dito.<\/p>\n\n\n\n<p><strong>A alta&nbsp;foi concentrada no setor de servi\u00e7os<\/strong>, que teve expans\u00e3o de&nbsp;15,9% entre 2022 e 2024. Em Minas Gerais, destacada no levantamento, esse aumento foi ainda mais intenso, com crescimento de 32,7%.<\/p>\n\n\n\n<p>A expans\u00e3o neste segmento come\u00e7ou durante a pandemia, em junho de 2020, e foi acelerada pelo crescimento r\u00e1pido da digitaliza\u00e7\u00e3o do consumo, tanto em empresas consolidadas quanto em novos neg\u00f3cios.<\/p>\n\n\n\n<p>A ind\u00fastria teve uma recupera\u00e7\u00e3o inicial r\u00e1pida e voltou aos n\u00edveis pr\u00e9-pandemia em agosto de 2020, mas perdeu f\u00f4lego a partir de 2021, com per\u00edodos de estagna\u00e7\u00e3o.<\/p>\n\n\n\n<blockquote class=\"wp-block-quote is-layout-flow wp-block-quote-is-layout-flow\">\n<p>\u201cA ind\u00fastria reagiu bem ao choque inicial, mas depois enfrentou obst\u00e1culos, como a infla\u00e7\u00e3o elevada e a necessidade de ajustes na pol\u00edtica monet\u00e1ria. Ainda assim, o setor segue sendo essencial para garantir um crescimento sustentado no longo prazo\u201d, explica Fl\u00e1vio Roscoe, presidente da Fiemg.<\/p>\n<\/blockquote>\n\n\n\n<p>Segundo a Fiemg, este ciclo de crescimento foi ancorado em pol\u00edticas de est\u00edmulo fiscais e monet\u00e1rias, mas com um efeito colateral, em parte, dif\u00edcil de administrar: o aumento da infla\u00e7\u00e3o. A federa\u00e7\u00e3o avalia que&nbsp;a ferramenta utilizada para reequilibrar a rela\u00e7\u00e3o entre capital produtivo, remunera\u00e7\u00e3o da for\u00e7a de trabalho e consumo das fam\u00edlias foi o aumento na taxa b\u00e1sica de juros (Selic), que se estende at\u00e9 hoje.<br><\/p>\n","protected":false},"excerpt":{"rendered":"<p>Recupera\u00e7\u00e3o acelerada foi impulsionada pelo aumento do consumo Por Guilherme Jeronymo &#8211; rep\u00f3rter da Ag\u00eancia<\/p>\n","protected":false},"author":2,"featured_media":101589,"comment_status":"open","ping_status":"open","sticky":false,"template":"","format":"standard","meta":{"footnotes":""},"categories":[17],"tags":[],"class_list":["post-101588","post","type-post","status-publish","format-standard","has-post-thumbnail","hentry","category-outras-noticias"],"_links":{"self":[{"href":"https:\/\/tvc16.com\/portal\/wp-json\/wp\/v2\/posts\/101588","targetHints":{"allow":["GET"]}}],"collection":[{"href":"https:\/\/tvc16.com\/portal\/wp-json\/wp\/v2\/posts"}],"about":[{"href":"https:\/\/tvc16.com\/portal\/wp-json\/wp\/v2\/types\/post"}],"author":[{"embeddable":true,"href":"https:\/\/tvc16.com\/portal\/wp-json\/wp\/v2\/users\/2"}],"replies":[{"embeddable":true,"href":"https:\/\/tvc16.com\/portal\/wp-json\/wp\/v2\/comments?post=101588"}],"version-history":[{"count":1,"href":"https:\/\/tvc16.com\/portal\/wp-json\/wp\/v2\/posts\/101588\/revisions"}],"predecessor-version":[{"id":101590,"href":"https:\/\/tvc16.com\/portal\/wp-json\/wp\/v2\/posts\/101588\/revisions\/101590"}],"wp:featuredmedia":[{"embeddable":true,"href":"https:\/\/tvc16.com\/portal\/wp-json\/wp\/v2\/media\/101589"}],"wp:attachment":[{"href":"https:\/\/tvc16.com\/portal\/wp-json\/wp\/v2\/media?parent=101588"}],"wp:term":[{"taxonomy":"category","embeddable":true,"href":"https:\/\/tvc16.com\/portal\/wp-json\/wp\/v2\/categories?post=101588"},{"taxonomy":"post_tag","embeddable":true,"href":"https:\/\/tvc16.com\/portal\/wp-json\/wp\/v2\/tags?post=101588"}],"curies":[{"name":"wp","href":"https:\/\/api.w.org\/{rel}","templated":true}]}}