{"id":101594,"date":"2025-03-29T07:00:00","date_gmt":"2025-03-29T10:00:00","guid":{"rendered":"https:\/\/tvc16.com\/portal\/?p=101594"},"modified":"2025-03-28T19:31:06","modified_gmt":"2025-03-28T22:31:06","slug":"petropolis-teve-verao-mais-seco-do-que-o-esperado-para-o-periodo","status":"publish","type":"post","link":"https:\/\/tvc16.com\/portal\/2025\/03\/29\/petropolis-teve-verao-mais-seco-do-que-o-esperado-para-o-periodo\/","title":{"rendered":"Petr\u00f3polis teve ver\u00e3o mais seco do que o esperado para o per\u00edodo"},"content":{"rendered":"\n<p><em>Choveu cerca de 67% a menos do que foi previsto para todo o ver\u00e3o<\/em><\/p>\n\n\n\n<p>O ver\u00e3o 2024\/2025 foi mais seco do que o esperado para o per\u00edodo e o motivo foi um bloqueio atmosf\u00e9rico, que impediu a chegada de frentes frias. Em toda a esta\u00e7\u00e3o choveu em torno de 67% a menos do que o previsto. De acordo com os dados foram registrados 197,48mm, o que \u00e9 considerado abaixo da m\u00e9dia para todo o per\u00edodo. A previs\u00e3o para o ver\u00e3o era de um acumulado de chuva em torno de 600mm.<\/p>\n\n\n\n<p>\u201cEssa massa de ar quente e seco ficou estacionada sobre a nossa regi\u00e3o, impedindo a chegada de frentes frias e dificultando a forma\u00e7\u00e3o de chuvas convectivas, que dependem de umidade para se formar. E, mesmo quando algumas nuvens se formaram, a umidade do ar n\u00e3o foi suficiente para gerar as famosas chuvas de ver\u00e3o, que s\u00e3o mais intensas e com acumulados significativos\u201d, explicou a meteorologista da Secretaria de Prote\u00e7\u00e3o e Defesa Civil, Rafaela Filipe.<\/p>\n\n\n\n<p>Com poucas pancadas de chuva e acumulados muito abaixo da m\u00e9dia, o calor se intensificou, gerando consequ\u00eancias como a redu\u00e7\u00e3o do n\u00edvel dos rios e o aumento da sensa\u00e7\u00e3o t\u00e9rmica, por exemplo.<\/p>\n\n\n\n<p>\u201cVamos entrar agora no per\u00edodo que geralmente \u00e9 mais seco. O outono\/inverno tem a caracter\u00edstica de ser menos chuvoso e as proje\u00e7\u00f5es indicam que as chuvas e as temperaturas devem ficar abaixo da m\u00e9dia. Tivemos um ver\u00e3o seco e vamos continuar com essa previs\u00e3o para os pr\u00f3ximos meses, o que gera um sinal de alerta para o aumento de queimadas\u201d, alertou o secret\u00e1rio de Defesa Civil, Guilherme Moraes. \u201cJ\u00e1 estamos nos preparando, junto com outros \u00f3rg\u00e3os para enfrentar esse per\u00edodo de estiagem\u201d, frisou&nbsp;o&nbsp;secret\u00e1rio.<\/p>\n","protected":false},"excerpt":{"rendered":"<p>Choveu cerca de 67% a menos do que foi previsto para todo o ver\u00e3o O<\/p>\n","protected":false},"author":2,"featured_media":79529,"comment_status":"open","ping_status":"open","sticky":false,"template":"","format":"standard","meta":{"footnotes":""},"categories":[12],"tags":[],"class_list":["post-101594","post","type-post","status-publish","format-standard","has-post-thumbnail","hentry","category-cidade"],"_links":{"self":[{"href":"https:\/\/tvc16.com\/portal\/wp-json\/wp\/v2\/posts\/101594","targetHints":{"allow":["GET"]}}],"collection":[{"href":"https:\/\/tvc16.com\/portal\/wp-json\/wp\/v2\/posts"}],"about":[{"href":"https:\/\/tvc16.com\/portal\/wp-json\/wp\/v2\/types\/post"}],"author":[{"embeddable":true,"href":"https:\/\/tvc16.com\/portal\/wp-json\/wp\/v2\/users\/2"}],"replies":[{"embeddable":true,"href":"https:\/\/tvc16.com\/portal\/wp-json\/wp\/v2\/comments?post=101594"}],"version-history":[{"count":1,"href":"https:\/\/tvc16.com\/portal\/wp-json\/wp\/v2\/posts\/101594\/revisions"}],"predecessor-version":[{"id":101595,"href":"https:\/\/tvc16.com\/portal\/wp-json\/wp\/v2\/posts\/101594\/revisions\/101595"}],"wp:featuredmedia":[{"embeddable":true,"href":"https:\/\/tvc16.com\/portal\/wp-json\/wp\/v2\/media\/79529"}],"wp:attachment":[{"href":"https:\/\/tvc16.com\/portal\/wp-json\/wp\/v2\/media?parent=101594"}],"wp:term":[{"taxonomy":"category","embeddable":true,"href":"https:\/\/tvc16.com\/portal\/wp-json\/wp\/v2\/categories?post=101594"},{"taxonomy":"post_tag","embeddable":true,"href":"https:\/\/tvc16.com\/portal\/wp-json\/wp\/v2\/tags?post=101594"}],"curies":[{"name":"wp","href":"https:\/\/api.w.org\/{rel}","templated":true}]}}