{"id":101596,"date":"2025-03-30T06:00:00","date_gmt":"2025-03-30T09:00:00","guid":{"rendered":"https:\/\/tvc16.com\/portal\/?p=101596"},"modified":"2025-03-28T19:32:37","modified_gmt":"2025-03-28T22:32:37","slug":"seminario-em-petropolis-aborda-autismo-no-dia-mundial-de-conscientizacao","status":"publish","type":"post","link":"https:\/\/tvc16.com\/portal\/2025\/03\/30\/seminario-em-petropolis-aborda-autismo-no-dia-mundial-de-conscientizacao\/","title":{"rendered":"Semin\u00e1rio em Petr\u00f3polis aborda autismo no Dia Mundial de Conscientiza\u00e7\u00e3o"},"content":{"rendered":"\n<p><em>Evento promovido pela Secretaria de Educa\u00e7\u00e3o busca ampliar conhecimento sobre o tema entre profissionais e familiares<\/em><\/p>\n\n\n\n<p>A Secretaria de Educa\u00e7\u00e3o de Petr\u00f3polis promover\u00e1 no dia 2 de abril, quarta-feira, o semin\u00e1rio \u201cDesmistificando o Autismo\u201d, no sal\u00e3o nobre da Universidade Cat\u00f3lica de Petr\u00f3polis (UCP). O evento coincide com o Dia Mundial de Conscientiza\u00e7\u00e3o sobre o Autismo, data estabelecida para ampliar o debate sobre o tema em diversos setores da sociedade.<\/p>\n\n\n\n<p>O encontro, previsto para iniciar \u00e0s 8h30, ter\u00e1 como prop\u00f3sito fundamental criar um espa\u00e7o aberto ao compartilhamento de viv\u00eancias entre familiares e profissionais. A troca de experi\u00eancias visa ampliar o entendimento sobre o autismo, buscando solu\u00e7\u00f5es pr\u00e1ticas e eficazes para os desafios enfrentados diariamente por pessoas autistas e seus cuidadores.<\/p>\n\n\n\n<p>O prefeito de Petr\u00f3polis, Hingo Hammes, enfatizou a relev\u00e2ncia do semin\u00e1rio para a cidade.\u201cFalar sobre autismo \u00e9 discutir inclus\u00e3o e cidadania. Nosso munic\u00edpio precisa avan\u00e7ar em pol\u00edticas p\u00fablicas que permitam igualdade de oportunidades para todos. Esse debate \u00e9 um passo fundamental\u201d.<\/p>\n\n\n\n<p>Para o secret\u00e1rio de Educa\u00e7\u00e3o, Alexandre Gurgel, o semin\u00e1rio representa um avan\u00e7o significativo no tratamento pedag\u00f3gico e social dado ao tema.<\/p>\n\n\n\n<p>\u201cPrecisamos ir al\u00e9m do diagn\u00f3stico e entender como acolher os estudantes autistas em nossas escolas. Esse encontro ser\u00e1 um marco na constru\u00e7\u00e3o de m\u00e9todos que realmente atendam \u00e0s necessidades de aprendizagem dos nossos alunos\u201d, aponta o secret\u00e1rio.<\/p>\n\n\n\n<p>Tamb\u00e9m participar\u00e1 do semin\u00e1rio a Secretaria da Pessoa com Defici\u00eancia, Mobilidade Reduzida e Doen\u00e7as Raras. Para o secret\u00e1rio Leandro Kronemberger, a parceria intersetorial \u00e9 crucial para o sucesso da iniciativa.<\/p>\n\n\n\n<p>\u201cNossa secretaria est\u00e1 empenhada em somar esfor\u00e7os nesse semin\u00e1rio, pois acreditamos que iniciativas conjuntas s\u00e3o essenciais para promover uma sociedade mais acess\u00edvel e consciente das necessidades das pessoas com autismo\u201d.<\/p>\n\n\n\n<p>Os organizadores esperam uma participa\u00e7\u00e3o expressiva dos profissionais de educa\u00e7\u00e3o e familiares dos alunos da rede municipal. A troca de conhecimentos no semin\u00e1rio ser\u00e1 fundamental para desenvolver novas estrat\u00e9gias educacionais voltadas para alunos autistas.<\/p>\n\n\n\n<p>Al\u00e9m das palestras previstas, haver\u00e1 momentos dedicados \u00e0 intera\u00e7\u00e3o direta entre participantes, promovendo um ambiente acolhedor para di\u00e1logos que possam gerar propostas concretas e aplic\u00e1veis no cotidiano escolar e familiar.<\/p>\n\n\n\n<p>O semin\u00e1rio \u00e9 coordenado pelo Departamento de Inclus\u00e3o da Secretaria Municipal de Educa\u00e7\u00e3o e busca refor\u00e7ar a conscientiza\u00e7\u00e3o sobre o autismo em Petr\u00f3polis. O evento \u00e9 mais uma das iniciativas locais que destacam a necessidade de ampliar os debates sobre inclus\u00e3o e acessibilidade.<\/p>\n\n\n\n<p>Ao final do encontro, est\u00e1 prevista a elabora\u00e7\u00e3o de um documento contendo as principais demandas e sugest\u00f5es dos participantes. Este material poder\u00e1 nortear futuras a\u00e7\u00f5es municipais voltadas \u00e0 melhoria das condi\u00e7\u00f5es educacionais e sociais para autistas&nbsp;na&nbsp;cidade.<\/p>\n","protected":false},"excerpt":{"rendered":"<p>Evento promovido pela Secretaria de Educa\u00e7\u00e3o busca ampliar conhecimento sobre o tema entre profissionais e<\/p>\n","protected":false},"author":2,"featured_media":23242,"comment_status":"open","ping_status":"open","sticky":false,"template":"","format":"standard","meta":{"footnotes":""},"categories":[12],"tags":[],"class_list":["post-101596","post","type-post","status-publish","format-standard","has-post-thumbnail","hentry","category-cidade"],"_links":{"self":[{"href":"https:\/\/tvc16.com\/portal\/wp-json\/wp\/v2\/posts\/101596","targetHints":{"allow":["GET"]}}],"collection":[{"href":"https:\/\/tvc16.com\/portal\/wp-json\/wp\/v2\/posts"}],"about":[{"href":"https:\/\/tvc16.com\/portal\/wp-json\/wp\/v2\/types\/post"}],"author":[{"embeddable":true,"href":"https:\/\/tvc16.com\/portal\/wp-json\/wp\/v2\/users\/2"}],"replies":[{"embeddable":true,"href":"https:\/\/tvc16.com\/portal\/wp-json\/wp\/v2\/comments?post=101596"}],"version-history":[{"count":1,"href":"https:\/\/tvc16.com\/portal\/wp-json\/wp\/v2\/posts\/101596\/revisions"}],"predecessor-version":[{"id":101597,"href":"https:\/\/tvc16.com\/portal\/wp-json\/wp\/v2\/posts\/101596\/revisions\/101597"}],"wp:featuredmedia":[{"embeddable":true,"href":"https:\/\/tvc16.com\/portal\/wp-json\/wp\/v2\/media\/23242"}],"wp:attachment":[{"href":"https:\/\/tvc16.com\/portal\/wp-json\/wp\/v2\/media?parent=101596"}],"wp:term":[{"taxonomy":"category","embeddable":true,"href":"https:\/\/tvc16.com\/portal\/wp-json\/wp\/v2\/categories?post=101596"},{"taxonomy":"post_tag","embeddable":true,"href":"https:\/\/tvc16.com\/portal\/wp-json\/wp\/v2\/tags?post=101596"}],"curies":[{"name":"wp","href":"https:\/\/api.w.org\/{rel}","templated":true}]}}