{"id":101606,"date":"2025-03-29T05:00:00","date_gmt":"2025-03-29T08:00:00","guid":{"rendered":"https:\/\/tvc16.com\/portal\/?p=101606"},"modified":"2025-03-28T19:39:26","modified_gmt":"2025-03-28T22:39:26","slug":"encerramento-do-mes-da-mulher-acontece-neste-fim-de-semana-em-petropolis","status":"publish","type":"post","link":"https:\/\/tvc16.com\/portal\/2025\/03\/29\/encerramento-do-mes-da-mulher-acontece-neste-fim-de-semana-em-petropolis\/","title":{"rendered":"Encerramento do M\u00eas da Mulher acontece neste fim de semana em Petr\u00f3polis"},"content":{"rendered":"\n<p>Neste fim de semana acontece o encerramento da programa\u00e7\u00e3o do M\u00eas da Mulher, promovida pela Prefeitura e o Conselho Municipal dos Direitos das Mulheres (Comdim). Os \u00faltimos dias das atividades contam com semin\u00e1rio, palestras e a Feira do Empreendedorismo Feminino.<\/p>\n\n\n\n<p>No s\u00e1bado (29\/03), acontece o encerramento do M\u00eas da Mulher com o semin\u00e1rio \u201cA Desigualdade salarial e empregos para as mulheres em Petr\u00f3polis\u201d, a partir das 9h na Casa dos Conselhos Municipais Augusto Angelo Zanatta (Avenida Koeler, 260 \u2013 Centro).<\/p>\n\n\n\n<p>Tamb\u00e9m no s\u00e1bado tem palestras no Centro de Cultura Raul de Leoni, das 14h \u00e0s 18h, como parte da programa\u00e7\u00e3o Mulheres Negras Petr\u00f3polis. E at\u00e9 o dia 30 de mar\u00e7o, continua no Centro de Cultura Raul de Leoni a Feira do Empreendedorismo Feminino.<\/p>\n\n\n\n<p>A programa\u00e7\u00e3o completa est\u00e1 no site e no Instagram da Prefeitura (petropolis.rj.gov.br \/ @petropolis_pmp).<\/p>\n","protected":false},"excerpt":{"rendered":"<p>Neste fim de semana acontece o encerramento da programa\u00e7\u00e3o do M\u00eas da Mulher, promovida pela<\/p>\n","protected":false},"author":2,"featured_media":96474,"comment_status":"open","ping_status":"open","sticky":false,"template":"","format":"standard","meta":{"footnotes":""},"categories":[12],"tags":[],"class_list":["post-101606","post","type-post","status-publish","format-standard","has-post-thumbnail","hentry","category-cidade"],"_links":{"self":[{"href":"https:\/\/tvc16.com\/portal\/wp-json\/wp\/v2\/posts\/101606","targetHints":{"allow":["GET"]}}],"collection":[{"href":"https:\/\/tvc16.com\/portal\/wp-json\/wp\/v2\/posts"}],"about":[{"href":"https:\/\/tvc16.com\/portal\/wp-json\/wp\/v2\/types\/post"}],"author":[{"embeddable":true,"href":"https:\/\/tvc16.com\/portal\/wp-json\/wp\/v2\/users\/2"}],"replies":[{"embeddable":true,"href":"https:\/\/tvc16.com\/portal\/wp-json\/wp\/v2\/comments?post=101606"}],"version-history":[{"count":1,"href":"https:\/\/tvc16.com\/portal\/wp-json\/wp\/v2\/posts\/101606\/revisions"}],"predecessor-version":[{"id":101607,"href":"https:\/\/tvc16.com\/portal\/wp-json\/wp\/v2\/posts\/101606\/revisions\/101607"}],"wp:featuredmedia":[{"embeddable":true,"href":"https:\/\/tvc16.com\/portal\/wp-json\/wp\/v2\/media\/96474"}],"wp:attachment":[{"href":"https:\/\/tvc16.com\/portal\/wp-json\/wp\/v2\/media?parent=101606"}],"wp:term":[{"taxonomy":"category","embeddable":true,"href":"https:\/\/tvc16.com\/portal\/wp-json\/wp\/v2\/categories?post=101606"},{"taxonomy":"post_tag","embeddable":true,"href":"https:\/\/tvc16.com\/portal\/wp-json\/wp\/v2\/tags?post=101606"}],"curies":[{"name":"wp","href":"https:\/\/api.w.org\/{rel}","templated":true}]}}