{"id":101608,"date":"2025-03-30T09:06:46","date_gmt":"2025-03-30T12:06:46","guid":{"rendered":"https:\/\/tvc16.com\/portal\/?p=101608"},"modified":"2025-03-30T09:07:07","modified_gmt":"2025-03-30T12:07:07","slug":"rio-comeca-campanha-contra-a-gripe","status":"publish","type":"post","link":"https:\/\/tvc16.com\/portal\/2025\/03\/30\/rio-comeca-campanha-contra-a-gripe\/","title":{"rendered":"Rio come\u00e7a campanha contra a gripe"},"content":{"rendered":"\n<p><em>Cidade teve nove mortes e 64 interna\u00e7\u00f5es este ano<\/em><\/p>\n\n\n\n<p>Por Bruno de Freitas Moura &#8211; Rep\u00f3rter da Ag\u00eancia Brasil \/ Foto: Edu Kapps\/SMS<\/p>\n\n\n\n<p><\/p>\n\n\n\n<p><strong>O Rio de Janeiro come\u00e7ou neste s\u00e1bado (29) a campanha anual de vacina\u00e7\u00e3o contra a gripe<\/strong>. O primeiro grupo imunizado foi o de profissionais da \u00e1rea de sa\u00fade. A vacina protege contra tr\u00eas tipos de influenza: H1N1 (Victoria), H3N2 (Tail\u00e2ndia) e B (\u00c1ustria).<img decoding=\"async\" src=\"https:\/\/agenciabrasil.ebc.com.br\/ebc.png?id=1636776&amp;o=node\"><img decoding=\"async\" src=\"https:\/\/agenciabrasil.ebc.com.br\/ebc.gif?id=1636776&amp;o=node\"><\/p>\n\n\n\n<p>Para a Secretaria Municipal de Sa\u00fade, a dose anual \u00e9 \u201cfundamental para prevenir complica\u00e7\u00f5es, interna\u00e7\u00f5es e mortes decorrentes das infec\u00e7\u00f5es do v\u00edrus da influenza nos grupos mais vulner\u00e1veis\u201d. Apenas em 2025, o Rio registra nove mortes e 64 interna\u00e7\u00f5es por influenza.<\/p>\n\n\n\n<p>\u201c<strong>Enquanto profissionais de sa\u00fade, n\u00f3s tamb\u00e9m temos que dar o exemplo para incentivar a popula\u00e7\u00e3o a se vacinar. A vacina \u00e9 segura e gratuita, al\u00e9m de prevenir v\u00e1rias doen\u00e7as e problemas pulmonares\u201d, disse a sanitarista Jussara Santos<\/strong>.<\/p>\n\n\n\n<p><strong>\u201cEu sou asm\u00e1tica e, depois que comecei a tomar a vacina, nunca mais tive complica\u00e7\u00f5es respirat\u00f3rias. Ent\u00e3o, a imuniza\u00e7\u00e3o previne agravamentos da doen\u00e7a e hospitaliza\u00e7\u00f5es&#8221;, completou<\/strong>.<\/p>\n\n\n\n<p>Para a primeira semana da campanha, a cidade recebeu 220 mil doses da vacina. Em 2024, mais de dois milh\u00f5es de vacinas foram aplicadas na campanha municipal.<\/p>\n\n\n\n<h2 class=\"wp-block-heading\">Vacina segura<\/h2>\n\n\n\n<p><strong>A vacina \u00e9 segura para todos os grupos indicados. \u201cAs \u00fanicas exce\u00e7\u00f5es para precau\u00e7\u00e3o s\u00e3o pessoas com hist\u00f3rico de alergia grave em dose anterior da vacina influenza, e n\u00e3o h\u00e1 indica\u00e7\u00e3o para crian\u00e7as menores de seis meses de idade\u201d, afirma a secretaria<\/strong>.<\/p>\n\n\n\n<p>Em caso de d\u00favidas, os servi\u00e7os de sa\u00fade poder\u00e3o avaliar cada caso. N\u00e3o h\u00e1 intervalo entre a imuniza\u00e7\u00e3o contra a gripe e as vacinas de rotina. Pessoas com covid-19, sintomas gripais ou de dengue devem adiar a vacina\u00e7\u00e3o at\u00e9 a recupera\u00e7\u00e3o cl\u00ednica total.<\/p>\n\n\n\n<p><strong>Para se vacinar, o usu\u00e1rio deve comparecer \u00e0 unidade de sa\u00fade com documento de identifica\u00e7\u00e3o e caderneta de vacina\u00e7\u00e3o<\/strong>, al\u00e9m de comprovante de classifica\u00e7\u00e3o como grupo priorit\u00e1rio (laudo m\u00e9dico e documento funcional para os grupos profissionais atendidos, entre outros).<\/p>\n\n\n\n<p><a href=\"https:\/\/saude.prefeitura.rio\/vacinacao\/vacina-gripe\" target=\"_blank\" rel=\"noreferrer noopener\">Confira os grupos priorit\u00e1rios e o calend\u00e1rio.<\/a><\/p>\n\n\n\n<h2 class=\"wp-block-heading\">Locais de vacina\u00e7\u00e3o:<\/h2>\n\n\n\n<p>29 de mar\u00e7o<\/p>\n\n\n\n<p>Trabalhadores da sa\u00fade<\/p>\n\n\n\n<p>1\u00ba de abril<\/p>\n\n\n\n<p>Crian\u00e7as de 6 meses a 5 anos<\/p>\n\n\n\n<p>Idosos com 60 anos ou mais<\/p>\n\n\n\n<p>Gestantes<\/p>\n\n\n\n<p>7 de abril<\/p>\n\n\n\n<p>Lista<\/p>\n\n\n\n<p>Locais de vacina\u00e7\u00e3o:<\/p>\n\n\n\n<p>29 de mar\u00e7o<\/p>\n\n\n\n<p>Trabalhadores da sa\u00fade<\/p>\n\n\n\n<p>1\u00ba de abril<\/p>\n\n\n\n<p>Crian\u00e7as de 6 meses a 5 anos<\/p>\n\n\n\n<p>Idosos com 60 anos ou mais<\/p>\n\n\n\n<p>Gestantes<\/p>\n\n\n\n<p>7 de abril<\/p>\n\n\n\n<p>Pessoas com doen\u00e7as cr\u00f4nicas n\u00e3o transmiss\u00edveis e outras condi\u00e7\u00f5es cl\u00ednicas especiais, como doen\u00e7a card\u00edaca, respirat\u00f3ria, renal, neurol\u00f3gica, diabetes, obesidade grau III, transplantados e imunossupress\u00e3o.&nbsp;<a href=\"https:\/\/saude.prefeitura.rio\/wp-content\/uploads\/sites\/47\/2025\/03\/CampanhaGripe2025_OquePrecisaSaber_v3_3.png\" target=\"_blank\" rel=\"noreferrer noopener\">Clique aqui<\/a>&nbsp;para ver a lista.<\/p>\n\n\n\n<p>12 de abril<\/p>\n\n\n\n<p>Pu\u00e9rperas (45 dias ap\u00f3s o parto)<\/p>\n\n\n\n<p>Pessoas com defici\u00eancia permanente (PcD)<\/p>\n\n\n\n<p>Professores<\/p>\n\n\n\n<p>Profissionais das for\u00e7as de seguran\u00e7a e salvamento e profissionais das for\u00e7as armadas<\/p>\n\n\n\n<p>Povos ind\u00edgenas<\/p>\n\n\n\n<p>Quilombolas<\/p>\n\n\n\n<p>Caminhoneiros<\/p>\n\n\n\n<p>Trabalhadores portu\u00e1rios<\/p>\n\n\n\n<p>Trabalhadores do transporte coletivo rodovi\u00e1rio urbano e de longo curso<\/p>\n\n\n\n<p>Funcion\u00e1rios do sistema prisional e popula\u00e7\u00e3o privada de liberdade, al\u00e9m de adolescentes e jovens sob medidas socioeducativas (entre 12 e 21 anos)<\/p>\n\n\n\n<p>Pessoas em situa\u00e7\u00e3o de rua<\/p>\n\n\n\n<p>Trabalhadores dos Correios<\/p>\n\n\n\n<h2 class=\"wp-block-heading\">Onde se vacinar<\/h2>\n\n\n\n<p>Todas as cl\u00ednicas da fam\u00edlia e centros municipais de sa\u00fade<\/p>\n\n\n\n<p>Veja hor\u00e1rios e endere\u00e7os em&nbsp;<a href=\"http:\/\/prefeitura.rio\/ondeseratendido\" target=\"_blank\" rel=\"noreferrer noopener\">prefeitura.rio\/ondeseratendido<\/a><\/p>\n\n\n\n<p>\u2013 Super Centro Carioca de Vacina\u00e7\u00e3o \u2013&nbsp; Botafogo<\/p>\n\n\n\n<p>Rua General Severiano, 91 \u2013 Botafogo<\/p>\n\n\n\n<p>Domingo a domingo \u2013 8h a 22h<\/p>\n\n\n\n<p>\u2013 Super Centro Carioca de Vacina\u00e7\u00e3o \u2013&nbsp; Campo Grande<\/p>\n\n\n\n<p>Park Shopping Campo Grande (2\u00ba andar)<\/p>\n\n\n\n<p>P\u00fablico geral: segunda a s\u00e1bado, das 10h \u00e0s 22h, e domingos e feriados, das 12h \u00e0s 22h<\/p>\n\n\n\n<p>Atendimento especial para pessoas com Transtorno do Espectro Autista (TEA): domingos, das 10h \u00e0s 12h<\/p>\n\n\n\n<p>Pessoas com doen\u00e7as cr\u00f4nicas n\u00e3o transmiss\u00edveis e outras condi\u00e7\u00f5es cl\u00ednicas especiais, como doen\u00e7a card\u00edaca, respirat\u00f3ria, renal, neurol\u00f3gica, diabetes, obesidade grau III, transplantados e imunossupress\u00e3o.&nbsp;<a href=\"https:\/\/saude.prefeitura.rio\/wp-content\/uploads\/sites\/47\/2025\/03\/CampanhaGripe2025_OquePrecisaSaber_v3_3.png\" target=\"_blank\" rel=\"noreferrer noopener\">Clique aqui<\/a>&nbsp;para ver a lista.<\/p>\n\n\n\n<p>12 de abril<\/p>\n\n\n\n<p>Pu\u00e9rperas (45 dias ap\u00f3s o parto)<\/p>\n\n\n\n<p>Pessoas com defici\u00eancia permanente (PcD)<\/p>\n\n\n\n<p>Professores<\/p>\n\n\n\n<p>Profissionais das for\u00e7as de seguran\u00e7a e salvamento e profissionais das for\u00e7as armadas<\/p>\n\n\n\n<p>Povos ind\u00edgenas<\/p>\n\n\n\n<p>Quilombolas<\/p>\n\n\n\n<p>Caminhoneiros<\/p>\n\n\n\n<p>Trabalhadores portu\u00e1rios<\/p>\n\n\n\n<p>Trabalhadores do transporte coletivo rodovi\u00e1rio urbano e de longo curso<\/p>\n\n\n\n<p>Funcion\u00e1rios do sistema prisional e popula\u00e7\u00e3o privada de liberdade, al\u00e9m de adolescentes e jovens sob medidas socioeducativas (entre 12 e 21 anos)<\/p>\n\n\n\n<p>Pessoas em situa\u00e7\u00e3o de rua<\/p>\n\n\n\n<p>Trabalhadores dos Correios<\/p>\n\n\n\n<h2 class=\"wp-block-heading\">Onde se vacinar<\/h2>\n\n\n\n<p>Todas as cl\u00ednicas da fam\u00edlia e centros municipais de sa\u00fade<\/p>\n\n\n\n<p>Veja hor\u00e1rios e endere\u00e7os em<a href=\"http:\/\/prefeitura.rio\/ondeseratendido\" target=\"_blank\" rel=\"noreferrer noopener\">&nbsp;prefeitura.rio\/ondeseratendido<\/a><\/p>\n\n\n\n<p>\u2013 Super Centro Carioca de Vacina\u00e7\u00e3o \u2013&nbsp; Botafogo<\/p>\n\n\n\n<p>Rua General Severiano, 91 \u2013 Botafogo<\/p>\n\n\n\n<p>Domingo a domingo \u2013 8h a 22h<\/p>\n\n\n\n<p>\u2013 Super Centro Carioca de Vacina\u00e7\u00e3o \u2013&nbsp; Campo Grande<\/p>\n\n\n\n<p>ParkShopping Campo Grande (2\u00ba andar)<\/p>\n\n\n\n<p>P\u00fablico geral: segunda a s\u00e1bado, das 10h \u00e0s 22h, e domingos e feriados, das 12h \u00e0s 22h<\/p>\n\n\n\n<p>Atendimento especial para pessoas com Transtorno do Espectro Autista (TEA): domingos, das 10h \u00e0s 12h<\/p>\n","protected":false},"excerpt":{"rendered":"<p>Cidade teve nove mortes e 64 interna\u00e7\u00f5es este ano Por Bruno de Freitas Moura &#8211;<\/p>\n","protected":false},"author":2,"featured_media":101609,"comment_status":"open","ping_status":"open","sticky":false,"template":"","format":"standard","meta":{"footnotes":""},"categories":[17],"tags":[],"class_list":["post-101608","post","type-post","status-publish","format-standard","has-post-thumbnail","hentry","category-outras-noticias"],"_links":{"self":[{"href":"https:\/\/tvc16.com\/portal\/wp-json\/wp\/v2\/posts\/101608","targetHints":{"allow":["GET"]}}],"collection":[{"href":"https:\/\/tvc16.com\/portal\/wp-json\/wp\/v2\/posts"}],"about":[{"href":"https:\/\/tvc16.com\/portal\/wp-json\/wp\/v2\/types\/post"}],"author":[{"embeddable":true,"href":"https:\/\/tvc16.com\/portal\/wp-json\/wp\/v2\/users\/2"}],"replies":[{"embeddable":true,"href":"https:\/\/tvc16.com\/portal\/wp-json\/wp\/v2\/comments?post=101608"}],"version-history":[{"count":1,"href":"https:\/\/tvc16.com\/portal\/wp-json\/wp\/v2\/posts\/101608\/revisions"}],"predecessor-version":[{"id":101610,"href":"https:\/\/tvc16.com\/portal\/wp-json\/wp\/v2\/posts\/101608\/revisions\/101610"}],"wp:featuredmedia":[{"embeddable":true,"href":"https:\/\/tvc16.com\/portal\/wp-json\/wp\/v2\/media\/101609"}],"wp:attachment":[{"href":"https:\/\/tvc16.com\/portal\/wp-json\/wp\/v2\/media?parent=101608"}],"wp:term":[{"taxonomy":"category","embeddable":true,"href":"https:\/\/tvc16.com\/portal\/wp-json\/wp\/v2\/categories?post=101608"},{"taxonomy":"post_tag","embeddable":true,"href":"https:\/\/tvc16.com\/portal\/wp-json\/wp\/v2\/tags?post=101608"}],"curies":[{"name":"wp","href":"https:\/\/api.w.org\/{rel}","templated":true}]}}