{"id":101611,"date":"2025-03-30T09:37:46","date_gmt":"2025-03-30T12:37:46","guid":{"rendered":"https:\/\/tvc16.com\/portal\/?p=101611"},"modified":"2025-03-30T09:37:48","modified_gmt":"2025-03-30T12:37:48","slug":"dados-do-isp-mostram-aumento-de-99-nos-casos-de-roubo-de-carga-no-rio","status":"publish","type":"post","link":"https:\/\/tvc16.com\/portal\/2025\/03\/30\/dados-do-isp-mostram-aumento-de-99-nos-casos-de-roubo-de-carga-no-rio\/","title":{"rendered":"Dados do ISP mostram aumento de 99% nos casos de roubo de carga no Rio"},"content":{"rendered":"\n<p><em>Homic\u00eddios dolosos cresceram 2% em rela\u00e7\u00e3o a fevereiro de 2024<\/em><\/p>\n\n\n\n<p>Por Douglas Corr\u00eaa &#8211; Rep\u00f3rter da Ag\u00eancia Brasil \/ Foto: Vladimir Platonow\/Ag\u00eancia Brasil<\/p>\n\n\n\n<p><\/p>\n\n\n\n<p>O Instituto de Seguran\u00e7a P\u00fablica (ISP) publicou nesta sexta-feira (28) os dados dos \u00edndices de criminalidade de fevereiro de 2025.&nbsp;<strong>Na compara\u00e7\u00e3o com o mesmo m\u00eas de 2024, ocorreu um aumento dos casos de homic\u00eddios, de roubos de ve\u00edculo, de pedestres e, principalmente, de carga, que&nbsp; registrou um&nbsp;aumento&nbsp;de 99%. Em fevereiro deste ano, foram 319 roubos, diante de 160 registrado em 2024.<\/strong><img decoding=\"async\" src=\"https:\/\/agenciabrasil.ebc.com.br\/ebc.png?id=1636773&amp;o=node\"><img decoding=\"async\" src=\"https:\/\/agenciabrasil.ebc.com.br\/ebc.gif?id=1636773&amp;o=node\"><\/p>\n\n\n\n<p><strong><a href=\"https:\/\/agenciabrasil.ebc.com.br\/justica\/noticia\/2023-06\/no-rio-governo-assina-acordos-na-area-de-seguranca-e-roubo-de-cargas\" target=\"_blank\" rel=\"noreferrer noopener\">&gt;&gt;No Rio, governo assina acordos na \u00e1rea de seguran\u00e7a e roubo de cargas<\/a><\/strong><\/p>\n\n\n\n<h2 class=\"wp-block-heading\">Apreens\u00e3o de fuzis diminuiu<\/h2>\n\n\n\n<p>A apreens\u00e3o de fuzis, consideradas armas de guerra, teve uma redu\u00e7\u00e3o em fevereiro de 2025 em rela\u00e7\u00e3o ao mesmo m\u00eas de 2024: foram 59 fuzis retirados das m\u00e3os do crime organizado contra 66 fuzis apreendidos no ano passado.<\/p>\n\n\n\n<p><strong>Os homic\u00eddios dolosos, quando h\u00e1 a inten\u00e7\u00e3o de matar, de acordo com os n\u00fameros do ISP, aumentaram 2%. Foram 243 v\u00edtimas em fevereiro de 2025, contra 238 no mesmo per\u00edodo do ano passado<\/strong>.<\/p>\n\n\n\n<h2 class=\"wp-block-heading\">Roubos de carros<\/h2>\n\n\n\n<p><strong>Roubos de carros cresceram em fevereiro de 2025, com 2.435 registros em todo estado do Rio. Em 2024 foram roubados 2.036 ve\u00edculos, um aumento de 20% em rela\u00e7\u00e3o ao mesmo m\u00eas do ano passado.<\/strong><\/p>\n\n\n\n<p>Os roubos a pedestres tiveram um aumento de 6%. Em fevereiro deste ano foram registrados 4.995 casos nas delegacias policiais contra 4.724 casos, em 2024.<\/p>\n\n\n\n<h2 class=\"wp-block-heading\">Governador<\/h2>\n\n\n\n<figure class=\"wp-block-image\"><img decoding=\"async\" src=\"https:\/\/imagens.ebc.com.br\/hp8NxfItkdPnmAUHRE207ZJHQ0w=\/754x0\/smart\/https:\/\/agenciabrasil.ebc.com.br\/sites\/default\/files\/thumbnails\/image\/trbr6416_0.jpg?itok=Mk-tovGP\" alt=\"Rio de Janeiro (RJ), 06\/10\/2023 - O secret\u00e1rio-executivo do minist\u00e9rio da Justi\u00e7a e Seguran\u00e7a P\u00fablica, Ricardo Cappelli, e o governador do Rio de Janeiro, Claudio Castro, falam com a imprensa ap\u00f3s reuni\u00e3o no Pal\u00e1cio Guanabara. Foto:T\u00e2nia R\u00eago\/Ag\u00eancia Brasil\" title=\"T\u00e2nia R\u00eago\/Ag\u00eancia Brasil\"\/><\/figure>\n\n\n\n<p>Rio de Janeiro (RJ), 06\/10\/2023 &#8211; O governador do Rio de Janeiro, Claudio Castro. Foto:T\u00e2nia R\u00eago\/Ag\u00eancia Brasil &#8211;&nbsp;<strong>T\u00e2nia R\u00eago\/Ag\u00eancia Brasil<\/strong><\/p>\n\n\n\n<p><strong>Ao comentar os dados do ISP, o governador Cl\u00e1udio Castro cobrou uma legisla\u00e7\u00e3o mais rigorosa para manter o criminoso mais tempo cadeia.<\/strong><\/p>\n\n\n\n<blockquote class=\"wp-block-quote is-layout-flow wp-block-quote-is-layout-flow\">\n<p>\u201cEstamos fazendo a nossa parte, tirando criminosos de circula\u00e7\u00e3o e entregando \u00e0 Justi\u00e7a. Mas \u00e9 necess\u00e1ria uma legisla\u00e7\u00e3o mais dura, que impe\u00e7a a volta imediata desses bandidos \u00e0s ruas\u201d, avaliou.<\/p>\n<\/blockquote>\n\n\n\n<p>Os dados divulgados pelo Instituto de Seguran\u00e7a P\u00fablica s\u00e3o referentes aos registros de casos lavrados nas delegacias de Pol\u00edcia Civil do Estado do Rio de Janeiro durante o m\u00eas de fevereiro de 2025.<br><\/p>\n","protected":false},"excerpt":{"rendered":"<p>Homic\u00eddios dolosos cresceram 2% em rela\u00e7\u00e3o a fevereiro de 2024 Por Douglas Corr\u00eaa &#8211; Rep\u00f3rter<\/p>\n","protected":false},"author":2,"featured_media":101612,"comment_status":"open","ping_status":"open","sticky":false,"template":"","format":"standard","meta":{"footnotes":""},"categories":[17],"tags":[],"class_list":["post-101611","post","type-post","status-publish","format-standard","has-post-thumbnail","hentry","category-outras-noticias"],"_links":{"self":[{"href":"https:\/\/tvc16.com\/portal\/wp-json\/wp\/v2\/posts\/101611","targetHints":{"allow":["GET"]}}],"collection":[{"href":"https:\/\/tvc16.com\/portal\/wp-json\/wp\/v2\/posts"}],"about":[{"href":"https:\/\/tvc16.com\/portal\/wp-json\/wp\/v2\/types\/post"}],"author":[{"embeddable":true,"href":"https:\/\/tvc16.com\/portal\/wp-json\/wp\/v2\/users\/2"}],"replies":[{"embeddable":true,"href":"https:\/\/tvc16.com\/portal\/wp-json\/wp\/v2\/comments?post=101611"}],"version-history":[{"count":1,"href":"https:\/\/tvc16.com\/portal\/wp-json\/wp\/v2\/posts\/101611\/revisions"}],"predecessor-version":[{"id":101613,"href":"https:\/\/tvc16.com\/portal\/wp-json\/wp\/v2\/posts\/101611\/revisions\/101613"}],"wp:featuredmedia":[{"embeddable":true,"href":"https:\/\/tvc16.com\/portal\/wp-json\/wp\/v2\/media\/101612"}],"wp:attachment":[{"href":"https:\/\/tvc16.com\/portal\/wp-json\/wp\/v2\/media?parent=101611"}],"wp:term":[{"taxonomy":"category","embeddable":true,"href":"https:\/\/tvc16.com\/portal\/wp-json\/wp\/v2\/categories?post=101611"},{"taxonomy":"post_tag","embeddable":true,"href":"https:\/\/tvc16.com\/portal\/wp-json\/wp\/v2\/tags?post=101611"}],"curies":[{"name":"wp","href":"https:\/\/api.w.org\/{rel}","templated":true}]}}