{"id":101620,"date":"2025-03-30T09:46:04","date_gmt":"2025-03-30T12:46:04","guid":{"rendered":"https:\/\/tvc16.com\/portal\/?p=101620"},"modified":"2025-03-30T09:46:48","modified_gmt":"2025-03-30T12:46:48","slug":"estudo-de-petropolis-e-destaque-no-ministerio-da-saude-e-pode-virar-referencia-no-pais","status":"publish","type":"post","link":"https:\/\/tvc16.com\/portal\/2025\/03\/30\/estudo-de-petropolis-e-destaque-no-ministerio-da-saude-e-pode-virar-referencia-no-pais\/","title":{"rendered":"Estudo de Petr\u00f3polis \u00e9 destaque no Minist\u00e9rio da Sa\u00fade e pode virar refer\u00eancia no pa\u00eds"},"content":{"rendered":"\n<p>Um estudo realizado em Petr\u00f3polis foi destaque na I Mostra de Pr\u00e1ticas Bem-Sucedidas da Gest\u00e3o e da Assist\u00eancia \u00e0 Sa\u00fade dos Homens no SUS. S\u00e3o indicadores desenvolvido pela Enfermeira petropolitana Maria Eduarda Possato, ex-coordenadora do Programa de Sa\u00fade do Homem e atual Coordenadora Geral das \u00c1reas T\u00e9cnicas da Secretaria Municipal de Sa\u00fade. Dos 127 projetos inscritos, o de Petr\u00f3polis foi um dos 20 escolhidos para apresentar as a\u00e7\u00f5es voltadas \u00e0 promo\u00e7\u00e3o e aten\u00e7\u00e3o \u00e0 sa\u00fade do homem no Sistema \u00danico de Sa\u00fade (SUS).<\/p>\n\n\n\n<p>\u201cEssa conquista \u00e9 fruto do trabalho da \u00c1rea T\u00e9cnica de Sa\u00fade do Homem e do empenho dos profissionais que atuam na promo\u00e7\u00e3o da sa\u00fade masculina. O reconhecimento nacional refor\u00e7a a import\u00e2ncia dessas a\u00e7\u00f5es\u201d, comentou o prefeito Hingo Hammes.<\/p>\n\n\n\n<p>Com o tema &#8220;Indicadores para Monitoramento das A\u00e7\u00f5es de Promo\u00e7\u00e3o e Aten\u00e7\u00e3o \u00e0 Sa\u00fade do Homem em Petr\u00f3polis-RJ&#8221;, o trabalho visa aprimorar as pol\u00edticas p\u00fablicas voltadas \u00e0 sa\u00fade masculina, utilizando dados para uma abordagem mais eficaz e personalizada. Dos oito indicadores desenvolvidos, dois chamam a aten\u00e7\u00e3o e relevam um cen\u00e1rio bastante positivo na cidade.<\/p>\n\n\n\n<p>O munic\u00edpio de Petr\u00f3polis tem 74.679 (56,9%) homens na faixa et\u00e1ria de 20 a 59 anos, segundo o IBGE (2010). O estudo que acompanhou esses homens iniciou h\u00e1 cinco anos e mostra, por exemplo, que o n\u00famero de realiza\u00e7\u00f5es do pr\u00e9-natal do parceiro saltou de 34 em 2020 para 444 em 2024. Outro indicador mostra o n\u00famero de vasectomias realizadas que iniciou em 2021 com 96 e saltou para 375 em 2024. O estudo acompanhou tamb\u00e9m os casos de mortalidade do homem e revela que as causas externas, como acidentes de tr\u00e2nsito, representam quase 35% da mortalidade desta popula\u00e7\u00e3o, seguido por 30% de doen\u00e7as do aparelho circulat\u00f3rio.<\/p>\n\n\n\n<p>&#8220;Os indicadores de sa\u00fade do homem s\u00e3o fundamentais para compreender e melhorar a qualidade de vida da popula\u00e7\u00e3o masculina em Petr\u00f3polis. A an\u00e1lise desses indicadores vai nos ajudar a direcionar a\u00e7\u00f5es municipais para ampliar cada vez mais a oferta de consultas, exames e campanhas educativas para este p\u00fablico.&#8221;, explica a enfermeira Maria Eduarda Possato, respons\u00e1vel pela cria\u00e7\u00e3o dos indicadores.<\/p>\n\n\n\n<p>Os autores principais dos 20 relatos selecionados, ser\u00e3o contatados diretamente para orienta\u00e7\u00e3o sobre a pr\u00f3xima etapa, segundo o regulamento da mostra, que consiste na apresenta\u00e7\u00e3o oral em Webin\u00e1rio. Nesta etapa, ser\u00e3o selecionados tr\u00eas relatos que poder\u00e3o ser apresentados em um evento presencial em Bras\u00edlia, no Distrito Federal.<\/p>\n\n\n\n<p>\u201cN\u00f3s da Secretaria de Sa\u00fade de Petr\u00f3polis agradecemos ao Coordenador Estadual de Sa\u00fade do Homem, Giovani Dimas, pelo apoio cont\u00ednuo, pela parceria na implementa\u00e7\u00e3o de pol\u00edticas p\u00fablicas voltadas \u00e0 sa\u00fade masculina\u201d refor\u00e7a o Secret\u00e1rio Municipal de Sa\u00fade,&nbsp;Lu\u00eds&nbsp;Cruzick.<\/p>\n","protected":false},"excerpt":{"rendered":"<p>Um estudo realizado em Petr\u00f3polis foi destaque na I Mostra de Pr\u00e1ticas Bem-Sucedidas da Gest\u00e3o<\/p>\n","protected":false},"author":2,"featured_media":101621,"comment_status":"open","ping_status":"open","sticky":false,"template":"","format":"standard","meta":{"footnotes":""},"categories":[12],"tags":[],"class_list":["post-101620","post","type-post","status-publish","format-standard","has-post-thumbnail","hentry","category-cidade"],"_links":{"self":[{"href":"https:\/\/tvc16.com\/portal\/wp-json\/wp\/v2\/posts\/101620","targetHints":{"allow":["GET"]}}],"collection":[{"href":"https:\/\/tvc16.com\/portal\/wp-json\/wp\/v2\/posts"}],"about":[{"href":"https:\/\/tvc16.com\/portal\/wp-json\/wp\/v2\/types\/post"}],"author":[{"embeddable":true,"href":"https:\/\/tvc16.com\/portal\/wp-json\/wp\/v2\/users\/2"}],"replies":[{"embeddable":true,"href":"https:\/\/tvc16.com\/portal\/wp-json\/wp\/v2\/comments?post=101620"}],"version-history":[{"count":1,"href":"https:\/\/tvc16.com\/portal\/wp-json\/wp\/v2\/posts\/101620\/revisions"}],"predecessor-version":[{"id":101622,"href":"https:\/\/tvc16.com\/portal\/wp-json\/wp\/v2\/posts\/101620\/revisions\/101622"}],"wp:featuredmedia":[{"embeddable":true,"href":"https:\/\/tvc16.com\/portal\/wp-json\/wp\/v2\/media\/101621"}],"wp:attachment":[{"href":"https:\/\/tvc16.com\/portal\/wp-json\/wp\/v2\/media?parent=101620"}],"wp:term":[{"taxonomy":"category","embeddable":true,"href":"https:\/\/tvc16.com\/portal\/wp-json\/wp\/v2\/categories?post=101620"},{"taxonomy":"post_tag","embeddable":true,"href":"https:\/\/tvc16.com\/portal\/wp-json\/wp\/v2\/tags?post=101620"}],"curies":[{"name":"wp","href":"https:\/\/api.w.org\/{rel}","templated":true}]}}