{"id":101623,"date":"2025-03-31T06:00:00","date_gmt":"2025-03-31T09:00:00","guid":{"rendered":"https:\/\/tvc16.com\/portal\/?p=101623"},"modified":"2025-03-30T09:48:01","modified_gmt":"2025-03-30T12:48:01","slug":"petropolis-capital-estadual-da-tecnologia","status":"publish","type":"post","link":"https:\/\/tvc16.com\/portal\/2025\/03\/31\/petropolis-capital-estadual-da-tecnologia\/","title":{"rendered":"Petr\u00f3polis: capital estadual da tecnologia"},"content":{"rendered":"\n<p>Petr\u00f3polis foi declarada Capital Tecnol\u00f3gica do estado do Rio de Janeiro. O decreto foi oficializado no Di\u00e1rio Oficial do Rio de Janeiro nesta sexta-feira (28), e \u00e9 uma conquista para uma cidade que cresce exponencialmente no setor e ganhando notoriedade e reconhecimento.<\/p>\n\n\n\n<p>&#8220;\u00c9 uma conquista essencial para Petr\u00f3polis. Esse t\u00edtulo representa um marco para o munic\u00edpio, evidenciando uma constante evolu\u00e7\u00e3o do setor, que reflete o esfor\u00e7o e dedica\u00e7\u00e3o de todos os envolvidos&#8221;, celebra o prefeito Hingo Hammes.<\/p>\n\n\n\n<p>Hoje, segundo estimativas do Serratec, Petr\u00f3polis conta com mais de 400 empresas no setor de TI. S\u00e3o mais de cinco mil empregos e um faturamento de mais de 1 Bilh\u00e3o. &#8220;Esses dados s\u00e3o evid\u00eancia da for\u00e7a do nosso setor, uma cidade de oportunidades tecnol\u00f3gicas. Este \u00e9 um setor com uma tend\u00eancia de crescimento constante, e que podemos abra\u00e7ar para fortalecer a cidade em um \u00e2mbito nacional e internacional\u201d, comenta o secret\u00e1rio de Desenvolvimento Econ\u00f4mico Samir El Ghaoui.<\/p>\n\n\n\n<p>Governo Hammes e conquistas de 2025<\/p>\n\n\n\n<p>O governo Hingo Hammes se movimentou para abra\u00e7ar, ainda no primeiro semestre de mandato, o potencial tecnol\u00f3gico do munic\u00edpio. &#8220;\u00c9 uma vit\u00f3ria para nosso governo, Petr\u00f3polis est\u00e1 se consolidando cada vez mais em um setor que tem um futuro brilhante. Vamos continuar empenhados para que Petr\u00f3polis cres\u00e7a ao lado das empresas que fortalecem a cidade&#8221;, complementa o prefeito.<\/p>\n\n\n\n<p>Em fevereiro, a cidade recebeu a ministra da Ci\u00eancia, Tecnologia e Inova\u00e7\u00e3o, Luciana Santos, para uma visita t\u00e9cnica \u00e0 sede do Laborat\u00f3rio Nacional de Computa\u00e7\u00e3o Cient\u00edfica (LNCC). Durante a visita, a ministra ressaltou a import\u00e2ncia do supercomputador Santos Dumont e destacou que a atualiza\u00e7\u00e3o do computador mais poderoso da Am\u00e9rica Latina \u00e9 o primeiro passo para tornar a cidade Capital Nacional de Intelig\u00eancia Artificial.<\/p>\n\n\n\n<p>A Cidade Imperial tamb\u00e9m recebeu o novo Laborat\u00f3rio de Computa\u00e7\u00e3o Qu\u00e2ntica da Faeterj Petr\u00f3polis, unidade da Funda\u00e7\u00e3o de Apoio \u00e0 Escola T\u00e9cnica &#8211; Faetec. Um HUB de computa\u00e7\u00e3o que colocou o munic\u00edpio em um patamar de soberania cient\u00edfica e tecnol\u00f3gica.<\/p>\n\n\n\n<p>Na educa\u00e7\u00e3o, Petr\u00f3polis renovou o contrato de coopera\u00e7\u00e3o acad\u00eamica com a Universidade Federal Fluminense (UFF) Um acordo que fortalece a forma\u00e7\u00e3o de jovens no munic\u00edpio, pelo curso de gradua\u00e7\u00e3o em Engenharia de Produ\u00e7\u00e3o da Escola de Engenharia da UFF, ressaltando o trabalho integral do setor na cidade. O Prefeito tamb\u00e9m se reuniu com o reitor da Universidade Antonio Claudio Lucas da N\u00f3brega para estreitar o elo entre munic\u00edpio e universidade.<\/p>\n\n\n\n<p>Outro polo de educa\u00e7\u00e3o dentro do setor s\u00e3o os Espa\u00e7os de Tecnologia e Inclus\u00e3o Comunit\u00e1ria (ETICs), espa\u00e7os oferecidos pela Prefeitura, que s\u00e3o uma base para a fomenta\u00e7\u00e3o do setor na forma\u00e7\u00e3o de jovens da cidade. Hoje o n\u00facleo do Bingen conta com cerca de 200 alunos.<\/p>\n\n\n\n<p>&#8220;N\u00f3s visamos capacitar e incluir as pessoas dentro desse segmento, queremos continuar investindo nesse mercado, ser a base para forma\u00e7\u00e3o de mentes brilhantes e que possamos reter esses talentos aqui. Oferecer para esses talentos uma cidade que ele queira seguir aqui contribuindo com suas habilidades. Esse t\u00edtulo \u00e9 o primeiro passo para alcan\u00e7armos essa Petr\u00f3polis no futuro&#8221;,&nbsp;conclui&nbsp;Samir.<\/p>\n","protected":false},"excerpt":{"rendered":"<p>Petr\u00f3polis foi declarada Capital Tecnol\u00f3gica do estado do Rio de Janeiro. O decreto foi oficializado<\/p>\n","protected":false},"author":2,"featured_media":101624,"comment_status":"open","ping_status":"open","sticky":false,"template":"","format":"standard","meta":{"footnotes":""},"categories":[12],"tags":[],"class_list":["post-101623","post","type-post","status-publish","format-standard","has-post-thumbnail","hentry","category-cidade"],"_links":{"self":[{"href":"https:\/\/tvc16.com\/portal\/wp-json\/wp\/v2\/posts\/101623","targetHints":{"allow":["GET"]}}],"collection":[{"href":"https:\/\/tvc16.com\/portal\/wp-json\/wp\/v2\/posts"}],"about":[{"href":"https:\/\/tvc16.com\/portal\/wp-json\/wp\/v2\/types\/post"}],"author":[{"embeddable":true,"href":"https:\/\/tvc16.com\/portal\/wp-json\/wp\/v2\/users\/2"}],"replies":[{"embeddable":true,"href":"https:\/\/tvc16.com\/portal\/wp-json\/wp\/v2\/comments?post=101623"}],"version-history":[{"count":1,"href":"https:\/\/tvc16.com\/portal\/wp-json\/wp\/v2\/posts\/101623\/revisions"}],"predecessor-version":[{"id":101625,"href":"https:\/\/tvc16.com\/portal\/wp-json\/wp\/v2\/posts\/101623\/revisions\/101625"}],"wp:featuredmedia":[{"embeddable":true,"href":"https:\/\/tvc16.com\/portal\/wp-json\/wp\/v2\/media\/101624"}],"wp:attachment":[{"href":"https:\/\/tvc16.com\/portal\/wp-json\/wp\/v2\/media?parent=101623"}],"wp:term":[{"taxonomy":"category","embeddable":true,"href":"https:\/\/tvc16.com\/portal\/wp-json\/wp\/v2\/categories?post=101623"},{"taxonomy":"post_tag","embeddable":true,"href":"https:\/\/tvc16.com\/portal\/wp-json\/wp\/v2\/tags?post=101623"}],"curies":[{"name":"wp","href":"https:\/\/api.w.org\/{rel}","templated":true}]}}