{"id":101629,"date":"2025-03-30T09:55:29","date_gmt":"2025-03-30T12:55:29","guid":{"rendered":"https:\/\/tvc16.com\/portal\/?p=101629"},"modified":"2025-03-30T09:55:32","modified_gmt":"2025-03-30T12:55:32","slug":"rio-derruba-19-imoveis-irregulares-proximos-do-complexo-de-gericino","status":"publish","type":"post","link":"https:\/\/tvc16.com\/portal\/2025\/03\/30\/rio-derruba-19-imoveis-irregulares-proximos-do-complexo-de-gericino\/","title":{"rendered":"Rio derruba 19 im\u00f3veis irregulares pr\u00f3ximos do Complexo de Gericin\u00f3"},"content":{"rendered":"\n<p><em>Constru\u00e7\u00f5es s\u00e3o proibidas por lei no per\u00edmetro da penitenci\u00e1ria<\/em><\/p>\n\n\n\n<p>Por Douglas Corr\u00eaa &#8211; Rep\u00f3rter da Ag\u00eancia Brasil \/ Foto: T\u00e2nia R\u00eago\/Ag\u00eancia Brasil<\/p>\n\n\n\n<p><\/p>\n\n\n\n<p>A prefeitura do Rio de Janeiro&nbsp;<strong>demoliu&nbsp;19 constru\u00e7\u00f5es irregulares no entorno do Complexo Penitenci\u00e1rio de Gericin\u00f3<\/strong>, em Bangu,&nbsp;a menos de 250 metros da unidade prisional, em \u00e1rea de seguran\u00e7a onde edifica\u00e7\u00f5es s\u00e3o proibidas por lei.<img decoding=\"async\" src=\"https:\/\/agenciabrasil.ebc.com.br\/ebc.png?id=1636726&amp;o=node\"><img decoding=\"async\" src=\"https:\/\/agenciabrasil.ebc.com.br\/ebc.gif?id=1636726&amp;o=node\"><\/p>\n\n\n\n<p>Dentre os&nbsp;im\u00f3veis derrubados na parceria entre a&nbsp;Secretaria de Administra\u00e7\u00e3o Penitenci\u00e1ria (Seap) e a Secretaria de Ordem P\u00fablica da prefeitura do Rio de Janeiro (Seop), 12 estavam desocupados e apenas dois habitados. Outras cinco estruturas estavam servindo como criadouros de animais. Engenheiros da prefeitura estimam um preju\u00edzo de R$ 2 milh\u00f5es aos respons\u00e1veis.<\/p>\n\n\n\n<p><strong>Durante a a\u00e7\u00e3o, os agentes apreenderam&nbsp;14 rolos com 700 metros de cabos de fibra \u00f3tica, com caracter\u00edsticas de pertencerem \u00e0s instala\u00e7\u00f5es p\u00fablicas. Al\u00e9m disso, foram cortadas duas liga\u00e7\u00f5es clandestinas, uma de energia el\u00e9trica e outra de \u00e1gua.<\/strong><\/p>\n\n\n\n<p>De acordo com a secret\u00e1ria de Estado de Administra\u00e7\u00e3o Penitenci\u00e1ria, Maria Rosa Nebel, a opera\u00e7\u00e3o teve in\u00edcio em um mapeamento que identificou constru\u00e7\u00f5es irregulares e presen\u00e7a de organiza\u00e7\u00e3o criminosa na regi\u00e3o do Catiri, na Vila Kennedy. \u201cA a\u00e7\u00e3o de hoje \u00e9 emblem\u00e1tica e imprescind\u00edvel para desarticular as a\u00e7\u00f5es do crime organizado no entorno do Complexo de Gericin\u00f3&#8221;, enfatizou em nota a secret\u00e1ria.. &#8220;Embora uma liminar ainda impe\u00e7a a remo\u00e7\u00e3o de outra estrutura, estamos avan\u00e7ando&#8221;, completou.<\/p>\n\n\n\n<h2 class=\"wp-block-heading\">Outra opera\u00e7\u00e3o<\/h2>\n\n\n\n<p>No fim do m\u00eas passado, outra a\u00e7\u00e3o demoliu 22 constru\u00e7\u00f5es irregulares, tamb\u00e9m nas proximidades do Complexo Penitenci\u00e1rio de Bangu e dentro do cintur\u00e3o de seguran\u00e7a. De acordo com o Minist\u00e9rio P\u00fablico do Rio de Janeiro (MPRJ), as invas\u00f5es de propriedade e constru\u00e7\u00f5es clandestinas ao redor do complexo prisional, supostamente orquestradas por uma fac\u00e7\u00e3o criminosa, facilitam fugas e a entrada de itens proibidos no Complexo de Gericin\u00f3.<\/p>\n\n\n\n<p>As a\u00e7\u00f5es foram planejadas a partir de um relat\u00f3rio da Subsecretaria de Intelig\u00eancia da Secretaria de Estado de Administra\u00e7\u00e3o Penitenci\u00e1ria (Seap), que aponta que criminosos do Comando Vermelho v\u00eam instituindo bases de atua\u00e7\u00e3o no entorno do Complexo Penitenci\u00e1rio de Gericin\u00f3, com o objetivo de tomar os bairros pr\u00f3ximos para formar um cintur\u00e3o ao redor das unidades prisionais, onde est\u00e3o custodiados os principais chefes do grupo criminoso.&nbsp;<strong>Essas \u00e1reas s\u00e3o utilizadas para pr\u00e1ticas il\u00edcitas, como arremesso de drogas e de celulares para dentro das pris\u00f5es, e podem servir como instrumento para facilitar poss\u00edveis fugas.<\/strong><br><\/p>\n","protected":false},"excerpt":{"rendered":"<p>Constru\u00e7\u00f5es s\u00e3o proibidas por lei no per\u00edmetro da penitenci\u00e1ria Por Douglas Corr\u00eaa &#8211; Rep\u00f3rter da<\/p>\n","protected":false},"author":2,"featured_media":101630,"comment_status":"open","ping_status":"open","sticky":false,"template":"","format":"standard","meta":{"footnotes":""},"categories":[17],"tags":[],"class_list":["post-101629","post","type-post","status-publish","format-standard","has-post-thumbnail","hentry","category-outras-noticias"],"_links":{"self":[{"href":"https:\/\/tvc16.com\/portal\/wp-json\/wp\/v2\/posts\/101629","targetHints":{"allow":["GET"]}}],"collection":[{"href":"https:\/\/tvc16.com\/portal\/wp-json\/wp\/v2\/posts"}],"about":[{"href":"https:\/\/tvc16.com\/portal\/wp-json\/wp\/v2\/types\/post"}],"author":[{"embeddable":true,"href":"https:\/\/tvc16.com\/portal\/wp-json\/wp\/v2\/users\/2"}],"replies":[{"embeddable":true,"href":"https:\/\/tvc16.com\/portal\/wp-json\/wp\/v2\/comments?post=101629"}],"version-history":[{"count":1,"href":"https:\/\/tvc16.com\/portal\/wp-json\/wp\/v2\/posts\/101629\/revisions"}],"predecessor-version":[{"id":101631,"href":"https:\/\/tvc16.com\/portal\/wp-json\/wp\/v2\/posts\/101629\/revisions\/101631"}],"wp:featuredmedia":[{"embeddable":true,"href":"https:\/\/tvc16.com\/portal\/wp-json\/wp\/v2\/media\/101630"}],"wp:attachment":[{"href":"https:\/\/tvc16.com\/portal\/wp-json\/wp\/v2\/media?parent=101629"}],"wp:term":[{"taxonomy":"category","embeddable":true,"href":"https:\/\/tvc16.com\/portal\/wp-json\/wp\/v2\/categories?post=101629"},{"taxonomy":"post_tag","embeddable":true,"href":"https:\/\/tvc16.com\/portal\/wp-json\/wp\/v2\/tags?post=101629"}],"curies":[{"name":"wp","href":"https:\/\/api.w.org\/{rel}","templated":true}]}}