{"id":101635,"date":"2025-03-31T08:09:35","date_gmt":"2025-03-31T11:09:35","guid":{"rendered":"https:\/\/tvc16.com\/portal\/?p=101635"},"modified":"2025-03-31T08:09:39","modified_gmt":"2025-03-31T11:09:39","slug":"caixa-conclui-pagamento-da-parcela-de-marco-do-bolsa-familia","status":"publish","type":"post","link":"https:\/\/tvc16.com\/portal\/2025\/03\/31\/caixa-conclui-pagamento-da-parcela-de-marco-do-bolsa-familia\/","title":{"rendered":"Caixa conclui pagamento da parcela de mar\u00e7o do Bolsa Fam\u00edlia"},"content":{"rendered":"\n<p><em>Recebem nesta segunda benefici\u00e1rios com NIS de final 0<\/em><\/p>\n\n\n\n<p>Por Ag\u00eancia Brasil \/ Foto: Lyon Santos\/ MDS<\/p>\n\n\n\n<p><\/p>\n\n\n\n<p><strong>A Caixa Econ\u00f4mica Federal conclui o pagamento da parcela de mar\u00e7o do novo Bolsa Fam\u00edlia. Recebem nesta segunda-feira (31) os benefici\u00e1rios com N\u00famero de Inscri\u00e7\u00e3o Social (NIS) de final 0.<\/strong><img decoding=\"async\" src=\"https:\/\/agenciabrasil.ebc.com.br\/ebc.png?id=1636666&amp;o=node\"><img decoding=\"async\" src=\"https:\/\/agenciabrasil.ebc.com.br\/ebc.gif?id=1636666&amp;o=node\"><\/p>\n\n\n\n<p>O valor m\u00ednimo corresponde a R$ 600, mas com o novo adicional o valor m\u00e9dio do benef\u00edcio subiu para R$ 668,65. Segundo o Minist\u00e9rio do Desenvolvimento e Assist\u00eancia Social, neste m\u00eas o programa de transfer\u00eancia de renda do Governo Federal alcan\u00e7ou 20,5 milh\u00f5es de fam\u00edlias, com gasto de R$ 13,7 bilh\u00f5es.<\/p>\n\n\n\n<p>Al\u00e9m do benef\u00edcio m\u00ednimo, h\u00e1 o pagamento de tr\u00eas adicionais. O Benef\u00edcio Vari\u00e1vel Familiar Nutriz paga seis parcelas de R$ 50 a m\u00e3es de beb\u00eas de at\u00e9 seis meses de idade, para garantir a alimenta\u00e7\u00e3o da crian\u00e7a. O Bolsa Fam\u00edlia tamb\u00e9m paga um acr\u00e9scimo de R$ 50 a fam\u00edlias com gestantes e filhos de 7 a 18 anos e outro, de R$ 150, a fam\u00edlias com crian\u00e7as de at\u00e9 6 anos.<\/p>\n\n\n\n<p><strong>No modelo tradicional do Bolsa Fam\u00edlia, o pagamento ocorre nos \u00faltimos dez dias \u00fateis de cada m\u00eas. O benefici\u00e1rio poder\u00e1 consultar informa\u00e7\u00f5es sobre as datas de pagamento, o valor do benef\u00edcio e a composi\u00e7\u00e3o das parcelas no aplicativo Caixa Tem, usado para acompanhar as contas poupan\u00e7a digitais do banco.<\/strong><\/p>\n\n\n\n<p>Os benefici\u00e1rios de 550 cidades receberam o pagamento no \u00faltimo dia 18, independentemente do NIS. A medida beneficiou moradores do Rio Grande do Sul, afetados por enchentes no ano passado, e de mais nove estados, afetados por chuvas ou por estiagens ou com povos ind\u00edgenas em situa\u00e7\u00e3o de vulnerabilidade.<strong>&nbsp;<\/strong><a href=\"https:\/\/www.gov.br\/mds\/pt-br\/noticias-e-conteudos\/desenvolvimento-social\/noticias-desenvolvimento-social\/bolsa-familia-chega-a-20-5-milhoes-de-lares-a-partir-desta-terca-feira-18-03\/PDFListamunicipiosPBF03.2025.pdf\" target=\"_blank\" rel=\"noreferrer noopener\">A lista dos munic\u00edpios est\u00e1 dispon\u00edvel na p\u00e1gina do Minist\u00e9rio do Desenvolvimento e Assist\u00eancia Social.<\/a><\/p>\n\n\n\n<p>Desde o ano passado, os benefici\u00e1rios do Bolsa Fam\u00edlia n\u00e3o t\u00eam mais o desconto do Seguro Defeso.&nbsp;<a href=\"https:\/\/www.planalto.gov.br\/ccivil_03\/_ato2023-2026\/2023\/lei\/l14601.htm\" target=\"_blank\" rel=\"noreferrer noopener\">A mudan\u00e7a foi estabelecida pela Lei 14.601\/2023<\/a>, que resgatou o Programa Bolsa Fam\u00edlia (PBF). O Seguro Defeso \u00e9 pago a pessoas que sobrevivem exclusivamente da pesca artesanal e que n\u00e3o podem exercer a atividade durante o per\u00edodo da piracema (reprodu\u00e7\u00e3o dos peixes).<\/p>\n\n\n\n<p><strong><a href=\"https:\/\/agenciabrasil.ebc.com.br\/economia\/noticia\/2025-03\/verbas-para-bolsa-familia-e-pe-de-meia-estao-garantidas-diz-ministra\" target=\"_blank\" rel=\"noreferrer noopener\">&gt;&gt;Verbas para Bolsa Fam\u00edlia e P\u00e9-de-Meia est\u00e3o garantidas, diz ministra&nbsp;<\/a><\/strong><\/p>\n\n\n\n<h2 class=\"wp-block-heading\">Regra de prote\u00e7\u00e3o<\/h2>\n\n\n\n<p><strong>Cerca de 3,11 milh\u00f5es de fam\u00edlias est\u00e3o na regra de prote\u00e7\u00e3o em mar\u00e7o. Em vigor desde junho de 2023, essa regra permite que fam\u00edlias cujos membros consigam emprego e melhorem a renda recebam 50% do benef\u00edcio a que teriam direito por at\u00e9 dois anos, desde que cada integrante receba o equivalente a at\u00e9 meio sal\u00e1rio m\u00ednimo. Para essas fam\u00edlias, o benef\u00edcio m\u00e9dio ficou em R$ 367,39.<\/strong><\/p>\n\n\n\n<figure class=\"wp-block-image\"><img decoding=\"async\" src=\"https:\/\/imagens.ebc.com.br\/8KFj4Uq-1IKzQBQ2UsyolgKMALw=\/754x0\/smart\/https:\/\/agenciabrasil.ebc.com.br\/sites\/default\/files\/thumbnails\/image\/2025\/01\/17\/calendario_bolsa_familia_2025_-_marco_.png?itok=ajA83YEX\" alt=\"Calend\u00e1rio Bolsa Fam\u00edlia 2025 - mar\u00e7o\" title=\"Arte EBC\"\/><\/figure>\n\n\n\n<p>Calend\u00e1rio Bolsa Fam\u00edlia 2025 &#8211; mar\u00e7o &#8211;&nbsp;<strong>Arte EBC<\/strong><\/p>\n\n\n\n<h2 class=\"wp-block-heading\">Aux\u00edlio G\u00e1s<\/h2>\n\n\n\n<p><strong>Neste m\u00eas n\u00e3o houve o pagamento do Aux\u00edlio G\u00e1s, que beneficia fam\u00edlias cadastradas no Cad\u00danico. Como o benef\u00edcio s\u00f3 \u00e9 pago a cada dois meses, o pagamento voltar\u00e1 em abril.<\/strong><\/p>\n\n\n\n<p>S\u00f3 pode receber o Aux\u00edlio G\u00e1s quem est\u00e1 inclu\u00eddo no Cad\u00danico e tenha pelo menos um membro da fam\u00edlia que receba o Benef\u00edcio de Presta\u00e7\u00e3o Continuada (BPC). A lei que criou o programa definiu que a mulher respons\u00e1vel pela fam\u00edlia ter\u00e1 prefer\u00eancia, assim como mulheres v\u00edtimas de viol\u00eancia dom\u00e9stica.<\/p>\n\n\n\n<p>Relacionadas<\/p>\n\n\n\n<p><a href=\"https:\/\/agenciabrasil.ebc.com.br\/saude\/noticia\/2025-03\/bolsa-familia-reduz-em-17-risco-de-internacao-por-uso-de-drogas\"><\/a><br><\/p>\n","protected":false},"excerpt":{"rendered":"<p>Recebem nesta segunda benefici\u00e1rios com NIS de final 0 Por Ag\u00eancia Brasil \/ Foto: Lyon<\/p>\n","protected":false},"author":2,"featured_media":101636,"comment_status":"open","ping_status":"open","sticky":false,"template":"","format":"standard","meta":{"footnotes":""},"categories":[17],"tags":[],"class_list":["post-101635","post","type-post","status-publish","format-standard","has-post-thumbnail","hentry","category-outras-noticias"],"_links":{"self":[{"href":"https:\/\/tvc16.com\/portal\/wp-json\/wp\/v2\/posts\/101635","targetHints":{"allow":["GET"]}}],"collection":[{"href":"https:\/\/tvc16.com\/portal\/wp-json\/wp\/v2\/posts"}],"about":[{"href":"https:\/\/tvc16.com\/portal\/wp-json\/wp\/v2\/types\/post"}],"author":[{"embeddable":true,"href":"https:\/\/tvc16.com\/portal\/wp-json\/wp\/v2\/users\/2"}],"replies":[{"embeddable":true,"href":"https:\/\/tvc16.com\/portal\/wp-json\/wp\/v2\/comments?post=101635"}],"version-history":[{"count":1,"href":"https:\/\/tvc16.com\/portal\/wp-json\/wp\/v2\/posts\/101635\/revisions"}],"predecessor-version":[{"id":101637,"href":"https:\/\/tvc16.com\/portal\/wp-json\/wp\/v2\/posts\/101635\/revisions\/101637"}],"wp:featuredmedia":[{"embeddable":true,"href":"https:\/\/tvc16.com\/portal\/wp-json\/wp\/v2\/media\/101636"}],"wp:attachment":[{"href":"https:\/\/tvc16.com\/portal\/wp-json\/wp\/v2\/media?parent=101635"}],"wp:term":[{"taxonomy":"category","embeddable":true,"href":"https:\/\/tvc16.com\/portal\/wp-json\/wp\/v2\/categories?post=101635"},{"taxonomy":"post_tag","embeddable":true,"href":"https:\/\/tvc16.com\/portal\/wp-json\/wp\/v2\/tags?post=101635"}],"curies":[{"name":"wp","href":"https:\/\/api.w.org\/{rel}","templated":true}]}}