{"id":101641,"date":"2025-03-31T08:12:57","date_gmt":"2025-03-31T11:12:57","guid":{"rendered":"https:\/\/tvc16.com\/portal\/?p=101641"},"modified":"2025-03-31T08:12:59","modified_gmt":"2025-03-31T11:12:59","slug":"teto-para-reajuste-de-medicamentos-sera-divulgado-nesta-segunda","status":"publish","type":"post","link":"https:\/\/tvc16.com\/portal\/2025\/03\/31\/teto-para-reajuste-de-medicamentos-sera-divulgado-nesta-segunda\/","title":{"rendered":"Teto para reajuste de medicamentos ser\u00e1 divulgado nesta segunda"},"content":{"rendered":"\n<p><em>Limite de reajuste m\u00e1ximo visa proteger consumidores<\/em><\/p>\n\n\n\n<p>Por Andreia Verd\u00e9lio &#8211; Rep\u00f3rter da Ag\u00eancia Brasil \/ Foto: Arquivo\/Ag\u00eancia Brasil<\/p>\n\n\n\n<p><\/p>\n\n\n\n<p><strong>A C\u00e2mara de Regula\u00e7\u00e3o do Mercado de Medicamentos (CMED) divulga, nesta segunda-feira (31), a lista com o novo teto de pre\u00e7os dos rem\u00e9dios vendidos em farm\u00e1cias e drogarias.<\/strong>&nbsp;A&nbsp;<a href=\"https:\/\/www.planalto.gov.br\/ccivil_03\/leis\/2003\/l10.742.htm\" target=\"_blank\" rel=\"noreferrer noopener\">Lei n\u00ba 10.742, de 2003<\/a>, que trata da regula\u00e7\u00e3o do setor farmac\u00eautico, prev\u00ea o reajuste anual dos medicamentos.<img decoding=\"async\" src=\"https:\/\/agenciabrasil.ebc.com.br\/ebc.png?id=1636813&amp;o=node\"><img decoding=\"async\" src=\"https:\/\/agenciabrasil.ebc.com.br\/ebc.gif?id=1636813&amp;o=node\"><\/p>\n\n\n\n<p>Isso n\u00e3o significa, entretanto, que haver\u00e1 aumento autom\u00e1tico dos pre\u00e7os praticados, mas uma defini\u00e7\u00e3o de teto permitido de reajuste.<strong>&nbsp;Cabe aos fornecedores \u2013 farmac\u00eauticas, distribuidores e lojistas &#8211; fixarem o pre\u00e7o de cada produto colocado \u00e0 venda, respeitados o teto legal estabelecido e suas estrat\u00e9gias diante da concorr\u00eancia.<\/strong><\/p>\n\n\n\n<p>Para defini\u00e7\u00e3o dos novos valores, o conselho de ministros da CMED leva em considera\u00e7\u00e3o fatores como a infla\u00e7\u00e3o dos \u00faltimos 12 meses, medida pelo \u00cdndice Nacional de Pre\u00e7os ao Consumidor Amplo (IPCA), a produtividade das ind\u00fastrias de medicamentos e custos n\u00e3o captados pela infla\u00e7\u00e3o, como o c\u00e2mbio e tarifa de energia el\u00e9trica e a concorr\u00eancia de mercado.<\/p>\n\n\n\n<p>Em 2024, por exemplo, o reajuste anual do pre\u00e7o de medicamentos foi de 4,5%, equivalente ao \u00edndice de infla\u00e7\u00e3o do per\u00edodo anterior. A lista com os pre\u00e7os m\u00e1ximos que podem ser cobrados pelos produtos<a href=\"https:\/\/www.gov.br\/anvisa\/pt-br\/assuntos\/medicamentos\/cmed\/precos\" target=\"_blank\" rel=\"noreferrer noopener\">&nbsp;fica dispon\u00edvel no&nbsp;<em>site<\/em>&nbsp;da Ag\u00eancia Nacional de Vigil\u00e2ncia Sanit\u00e1ria (Anvisa)<\/a>.<\/p>\n\n\n\n<p>De acordo com a Anvisa,&nbsp;<strong>a lei prev\u00ea um reajuste anual do teto de pre\u00e7os com o objetivo de proteger os consumidores de aumentos abusivos,<\/strong>&nbsp;garantir o acesso aos medicamentos e preservar o poder aquisitivo da popula\u00e7\u00e3o. Ao mesmo tempo, o c\u00e1lculo estabelecido na lei&nbsp;busca compensar eventuais perdas do setor farmac\u00eautico devido \u00e0 infla\u00e7\u00e3o e aos impactos nos custos de produ\u00e7\u00e3o, possibilitando a continuidade no fornecimento de medicamentos.<\/p>\n\n\n\n<p>Caso o consumidor encontre irregularidades, \u00e9 poss\u00edvel acionar os \u00f3rg\u00e3os de defesa do consumidor, como os Procons e a&nbsp;<a href=\"https:\/\/consumidor.gov.br\/pages\/principal\/?1743355188276\" target=\"_blank\" rel=\"noreferrer noopener\">plataforma consumidor.gov.br<\/a>. Tamb\u00e9m \u00e9 poss\u00edvel encaminhar den\u00fancia diretamente \u00e0 CMED, por meio de<a href=\"https:\/\/www.gov.br\/anvisa\/pt-br\/assuntos\/medicamentos\/cmed\/denuncias\" target=\"_blank\" rel=\"noreferrer noopener\">&nbsp;formul\u00e1rio dispon\u00edvel na p\u00e1gina da Anvisa<\/a>.<\/p>\n\n\n\n<p>A CMED \u00e9 composta pelos minist\u00e9rios da Sa\u00fade, Casa Civil, da Justi\u00e7a e Seguran\u00e7a P\u00fablica, da Fazenda, e do Desenvolvimento, Ind\u00fastria, Com\u00e9rcio e Servi\u00e7os. A Ag\u00eancia Nacional de Vigil\u00e2ncia Sanit\u00e1ria exerce a fun\u00e7\u00e3o de secretaria executiva, fornecendo o suporte t\u00e9cnico \u00e0s decis\u00f5es.<br><\/p>\n","protected":false},"excerpt":{"rendered":"<p>Limite de reajuste m\u00e1ximo visa proteger consumidores Por Andreia Verd\u00e9lio &#8211; Rep\u00f3rter da Ag\u00eancia Brasil<\/p>\n","protected":false},"author":2,"featured_media":101642,"comment_status":"open","ping_status":"open","sticky":false,"template":"","format":"standard","meta":{"footnotes":""},"categories":[17],"tags":[],"class_list":["post-101641","post","type-post","status-publish","format-standard","has-post-thumbnail","hentry","category-outras-noticias"],"_links":{"self":[{"href":"https:\/\/tvc16.com\/portal\/wp-json\/wp\/v2\/posts\/101641","targetHints":{"allow":["GET"]}}],"collection":[{"href":"https:\/\/tvc16.com\/portal\/wp-json\/wp\/v2\/posts"}],"about":[{"href":"https:\/\/tvc16.com\/portal\/wp-json\/wp\/v2\/types\/post"}],"author":[{"embeddable":true,"href":"https:\/\/tvc16.com\/portal\/wp-json\/wp\/v2\/users\/2"}],"replies":[{"embeddable":true,"href":"https:\/\/tvc16.com\/portal\/wp-json\/wp\/v2\/comments?post=101641"}],"version-history":[{"count":1,"href":"https:\/\/tvc16.com\/portal\/wp-json\/wp\/v2\/posts\/101641\/revisions"}],"predecessor-version":[{"id":101643,"href":"https:\/\/tvc16.com\/portal\/wp-json\/wp\/v2\/posts\/101641\/revisions\/101643"}],"wp:featuredmedia":[{"embeddable":true,"href":"https:\/\/tvc16.com\/portal\/wp-json\/wp\/v2\/media\/101642"}],"wp:attachment":[{"href":"https:\/\/tvc16.com\/portal\/wp-json\/wp\/v2\/media?parent=101641"}],"wp:term":[{"taxonomy":"category","embeddable":true,"href":"https:\/\/tvc16.com\/portal\/wp-json\/wp\/v2\/categories?post=101641"},{"taxonomy":"post_tag","embeddable":true,"href":"https:\/\/tvc16.com\/portal\/wp-json\/wp\/v2\/tags?post=101641"}],"curies":[{"name":"wp","href":"https:\/\/api.w.org\/{rel}","templated":true}]}}