{"id":101647,"date":"2025-03-31T08:17:38","date_gmt":"2025-03-31T11:17:38","guid":{"rendered":"https:\/\/tvc16.com\/portal\/?p=101647"},"modified":"2025-03-31T08:17:40","modified_gmt":"2025-03-31T11:17:40","slug":"casos-de-sarampo-preocupam-mas-brasil-ainda-e-pais-livre-da-doenca","status":"publish","type":"post","link":"https:\/\/tvc16.com\/portal\/2025\/03\/31\/casos-de-sarampo-preocupam-mas-brasil-ainda-e-pais-livre-da-doenca\/","title":{"rendered":"Casos de sarampo preocupam, mas Brasil ainda \u00e9 pa\u00eds livre da doen\u00e7a"},"content":{"rendered":"\n<p><em>Especialistas alertam para import\u00e2ncia da vacina\u00e7\u00e3o contra a doen\u00e7a<\/em><\/p>\n\n\n\n<p>Por T\u00e2mara Freire &#8211; Rep\u00f3rter da Ag\u00eancia Brasil \/ Foto: Marcelo Camargo\/Ag\u00eancia Brasil<\/p>\n\n\n\n<p><\/p>\n\n\n\n<p><strong>O aumento de casos de sarampo no continente americano acende um alerta para o Brasil, mas, por enquanto, os tr\u00eas casos confirmados aqui n\u00e3o comprometem o&nbsp;<a href=\"https:\/\/agenciabrasil.ebc.com.br\/saude\/noticia\/2024-11\/apos-cinco-anos-brasil-recupera-certificado-de-eliminacao-do-sarampo\" target=\"_blank\" rel=\"noreferrer noopener\">certificado de pa\u00eds livre da doen\u00e7a, reconquistado no ano passado<\/a>.<\/strong><img decoding=\"async\" src=\"https:\/\/agenciabrasil.ebc.com.br\/ebc.png?id=1636784&amp;o=node\"><img decoding=\"async\" src=\"https:\/\/agenciabrasil.ebc.com.br\/ebc.gif?id=1636784&amp;o=node\"><\/p>\n\n\n\n<p>\u201cPara a gente perder essa recertifica\u00e7\u00e3o, a gente tem que ter durante um ano, a partir do primeiro caso, cadeias de transmiss\u00e3o com o mesmo gen\u00f3tipo do v\u00edrus circulando\u201d, explica a chefe do Laborat\u00f3rio de V\u00edrus Respirat\u00f3rios, Exantem\u00e1ticos, Enterov\u00edrus e Emerg\u00eancias Virais da Funda\u00e7\u00e3o Oswaldo Cruz (Fiocruz), Marilda Siqueira, O laborat\u00f3rio \u00e9 credenciado como unidade de refer\u00eancia regional para sarampo pela Organiza\u00e7\u00e3o Mundial da Sa\u00fade (OMS).<\/p>\n\n\n\n<p>Por enquanto,&nbsp;<strong>o Minist\u00e9rio da Sa\u00fade confirmou apenas casos espor\u00e1dicos: dois no Rio de Janeiro, em beb\u00eas g\u00eameos que ainda n\u00e3o tinham idade para se vacinar, e um no Distrito Federal, em uma mulher adulta que provavelmente foi infectada em uma viagem ao exterior.<\/strong><\/p>\n\n\n\n<p><strong>Das 110 suspeitas notificadas at\u00e9 o dia 12 de mar\u00e7o, 22 ainda estavam em investiga\u00e7\u00e3o<\/strong>&nbsp;nessa data, de acordo com a \u00faltima atualiza\u00e7\u00e3o do painel epidemiol\u00f3gico da pasta.<\/p>\n\n\n\n<p>Os&nbsp;<strong>casos suspeitos de sarampo s\u00e3o de notifica\u00e7\u00e3o compuls\u00f3ria<\/strong>, ou seja, devem ser comunicados imediatamente \u00e0s autoridades de sa\u00fade. H\u00e1&nbsp;um protocolo r\u00edgido para quando s\u00e3o confirmados, que inclui a identifica\u00e7\u00e3o e o monitoramento de todas as pessoas que podem ter sido infectadas pelo doente, e o bloqueio vacinal, que \u00e9 o refor\u00e7o da vacina\u00e7\u00e3o nos locais que essa pessoa frequentou, como escola e local de trabalho.<\/p>\n\n\n\n<p>&#8220;O sarampo \u00e9 causado por um dos v\u00edrus mais infecciosos que existem. Se algu\u00e9m com sarampo chega em um ambiente com baixa cobertura vacinal, o v\u00edrus \u00e9 transmitido para 17 pessoas, mais ou menos. J\u00e1 o SARS-CoV, por exemplo, \u00e9 transmitido para duas pessoas, apesar de ser um v\u00edrus que tamb\u00e9m \u00e9 muito transmiss\u00edvel\u201d, complementa a chefe do laborat\u00f3rio da Fiocruz.<\/p>\n\n\n\n<h2 class=\"wp-block-heading\">Casos nas Am\u00e9ricas<\/h2>\n\n\n\n<p>O risco se intensifica quando h\u00e1 surtos em outros pa\u00edses. Relat\u00f3rio da Organiza\u00e7\u00e3o Pan-Americana da Sa\u00fade (Opas), divulgado em 24 de mar\u00e7o, aponta que,&nbsp;<strong>este ano, 507 casos foram confirmados em outros pa\u00edses do continente,<\/strong>&nbsp;superando a contagem de todo o ano passado. S\u00e3o 301 nos Estados Unidos, com duas mortes; 173 no Canad\u00e1;&nbsp;22 no M\u00e9xico e 11 na Argentina. A Opas avalia que o risco de dissemina\u00e7\u00e3o da doen\u00e7a, com amea\u00e7a \u00e0 sa\u00fade, \u00e9 alto.<\/p>\n\n\n\n<p>O \u00faltimo grande surto vivido no Brasil comprova como os v\u00edrus n\u00e3o conhecem fronteiras. Em 2017, o Brasil estava recebendo muitos cidad\u00e3os da Venezuela, onde os casos de sarampo estavam altos. No ano seguinte, os registros explodiram nos estados pr\u00f3ximos \u00e0 fronteira, e come\u00e7aram a surgir tamb\u00e9m em outros locais.<\/p>\n\n\n\n<p>\u201cOs culpados, por assim dizer, n\u00e3o foram os cidad\u00e3os da Venezuela. \u00c9 porque naquela \u00e9poca n\u00f3s j\u00e1 est\u00e1vamos com defici\u00eancia na nossa cobertura vacinal. Hoje em dia, com todas as conex\u00f5es que n\u00f3s temos, principalmente atrav\u00e9s da avia\u00e7\u00e3o, &nbsp;naturalmente n\u00f3s esperamos, n\u00e3o s\u00f3 no Brasil, um n\u00famero de casos importados todos os anos. O que a gente n\u00e3o deve ter \u00e9 essa grande batalha para que n\u00e3o tenha cadeias de transmiss\u00e3o. A gente tem uma ferramenta poderosa na nossa m\u00e3o que \u00e9 a vacina\u201d, lembra Marilda Siqueira.<\/p>\n\n\n\n<h2 class=\"wp-block-heading\">Vacina\u00e7\u00e3o<\/h2>\n\n\n\n<p>A vacina contra o&nbsp;<em>Morbilivirus<\/em>, causador do sarampo, foi desenvolvida na d\u00e9cada de 1960, mas a imuniza\u00e7\u00e3o s\u00f3 foi intensificada no Brasil a partir dos anos 1990, quando autoridades de todo o mundo decidiram concentrar esfor\u00e7os no controle da doen\u00e7a, j\u00e1 que a maior preocupa\u00e7\u00e3o anterior, a poliomielite, havia sido erradicada. Antes disso, o sarampo matava cerca de 2,5 milh\u00f5es de crian\u00e7as no mundo por ano.<\/p>\n\n\n\n<p>Atualmente, ela \u00e9 aplicada no Sistema \u00danico de Sa\u00fade (SUS) como parte do imunizante Tr\u00edplice Viral, que tamb\u00e9m protege contra a caxumba e a rub\u00e9ola. A primeira dose deve ser aplicada aos 12 meses de idade, e a segunda, aos 15. &nbsp;Em 2024, o Brasil atingiu a meta de cobertura de 95% na primeira dose, mas menos de 80% dos beb\u00eas tomaram a segunda.<\/p>\n\n\n\n<blockquote class=\"wp-block-quote is-layout-flow wp-block-quote-is-layout-flow\">\n<p>\u201cA efic\u00e1cia dessa vacina \u00e9 de 93% a 95%, o que significa que 5% a 7% das pessoas n\u00e3o v\u00e3o responder de forma adequada. Ent\u00e3o a gente faz a segunda dose por dois motivos: para evitar essa falha prim\u00e1ria e porque, com o passar do tempo, a prote\u00e7\u00e3o diminui naturalmente, e o refor\u00e7o prolonga essa prote\u00e7\u00e3o\u201d, explica o diretor da Sociedade Brasileira de Imuniza\u00e7\u00f5es (SBIm), Juarez Cunha.<\/p>\n<\/blockquote>\n\n\n\n<p>Cunha complementa que o Brasil ainda est\u00e1 superando outro agravante: \u201cDurante a pandemia, caiu muito a cobertura vacinal, ent\u00e3o, vamos dizer, se a gente teve 70% de cobertura, significa que 30% daquelas crian\u00e7as n\u00e3o foram vacinadas no tempo correto. Se elas n\u00e3o foram vacinadas at\u00e9 agora, elas v\u00e3o engrossar um grupo de suscet\u00edveis.\u201d<\/p>\n\n\n\n<p>Por isso,&nbsp;<strong>pessoas de at\u00e9 59 anos, que n\u00e3o se vacinaram ou n\u00e3o sabem se foram imunizadas tamb\u00e9m devem procurar as unidades de sa\u00fade.<\/strong>&nbsp;Os dados das infec\u00e7\u00f5es registradas este ano nas Am\u00e9ricas&nbsp;mostram que o sarampo n\u00e3o \u00e9 uma doen\u00e7a exclusiva de crian\u00e7as pequenas: quase metade dos infectados tem de 10 a 29 anos.<\/p>\n\n\n\n<p>Ainda que os adultos tenham menos chances de adoecer com gravidade, eles transmitem a doen\u00e7a normalmente, inclusive para beb\u00eas menores de 1 ano e pessoas com alguma imunodefici\u00eancia que n\u00e3o podem se vacinar. Mas, se a cobertura de 95% for atingida para toda a popula\u00e7\u00e3o, nas duas doses, todos ficam protegidos pela imunidade coletiva, j\u00e1 que a vacina\u00e7\u00e3o em altas taxas quebra a cadeia de transmiss\u00e3o do v\u00edrus.<\/p>\n\n\n\n<p>&#8220;O sarampo \u00e9 frequentemente descrito como o melhor sinal de que a vacina\u00e7\u00e3o n\u00e3o vai bem em algum lugar, porque como ele \u00e9 muito facilmente transmiss\u00edvel, qualquer perda na imunidade coletiva j\u00e1 permite que pessoas suscet\u00edveis adoe\u00e7am, em especial, as crian\u00e7as mais novas\u201d, complementa a chefe de Sa\u00fade do Fundo das Na\u00e7\u00f5es Unidas para a Inf\u00e2ncia (Unicef)&nbsp;no Brasil, Luciana Phebo.<\/p>\n\n\n\n<p>Ela refor\u00e7a que a&nbsp;queda&nbsp;na&nbsp;cobertura&nbsp;das vacinas de rotina, observada globalmente durante a pandemia de covid-19, \u00e9 uma causa fundamental para esse aumento de casos de sarampo, mas tamb\u00e9m responsabiliza a hesita\u00e7\u00e3o vacinal, \u201cque chegou a ser considerada uma das principais amea\u00e7as \u00e0 sa\u00fade p\u00fablica global\u201d.<\/p>\n\n\n\n<p>O termo significa o atraso ou a recusa em se vacinar, mesmo quando as vacinas est\u00e3o dispon\u00edveis. A principal causa da hesita\u00e7\u00e3o \u00e9 a perda do medo da doen\u00e7a, mas ela tamb\u00e9m pode acontecer quando as pessoas n\u00e3o est\u00e3o bem informadas, e t\u00eam medo ou d\u00favidas sobre a vacina, ou quando acreditam em discursos falsos.<br><\/p>\n","protected":false},"excerpt":{"rendered":"<p>Especialistas alertam para import\u00e2ncia da vacina\u00e7\u00e3o contra a doen\u00e7a Por T\u00e2mara Freire &#8211; Rep\u00f3rter da<\/p>\n","protected":false},"author":2,"featured_media":101648,"comment_status":"open","ping_status":"open","sticky":false,"template":"","format":"standard","meta":{"footnotes":""},"categories":[17],"tags":[],"class_list":["post-101647","post","type-post","status-publish","format-standard","has-post-thumbnail","hentry","category-outras-noticias"],"_links":{"self":[{"href":"https:\/\/tvc16.com\/portal\/wp-json\/wp\/v2\/posts\/101647","targetHints":{"allow":["GET"]}}],"collection":[{"href":"https:\/\/tvc16.com\/portal\/wp-json\/wp\/v2\/posts"}],"about":[{"href":"https:\/\/tvc16.com\/portal\/wp-json\/wp\/v2\/types\/post"}],"author":[{"embeddable":true,"href":"https:\/\/tvc16.com\/portal\/wp-json\/wp\/v2\/users\/2"}],"replies":[{"embeddable":true,"href":"https:\/\/tvc16.com\/portal\/wp-json\/wp\/v2\/comments?post=101647"}],"version-history":[{"count":1,"href":"https:\/\/tvc16.com\/portal\/wp-json\/wp\/v2\/posts\/101647\/revisions"}],"predecessor-version":[{"id":101649,"href":"https:\/\/tvc16.com\/portal\/wp-json\/wp\/v2\/posts\/101647\/revisions\/101649"}],"wp:featuredmedia":[{"embeddable":true,"href":"https:\/\/tvc16.com\/portal\/wp-json\/wp\/v2\/media\/101648"}],"wp:attachment":[{"href":"https:\/\/tvc16.com\/portal\/wp-json\/wp\/v2\/media?parent=101647"}],"wp:term":[{"taxonomy":"category","embeddable":true,"href":"https:\/\/tvc16.com\/portal\/wp-json\/wp\/v2\/categories?post=101647"},{"taxonomy":"post_tag","embeddable":true,"href":"https:\/\/tvc16.com\/portal\/wp-json\/wp\/v2\/tags?post=101647"}],"curies":[{"name":"wp","href":"https:\/\/api.w.org\/{rel}","templated":true}]}}