{"id":10165,"date":"2021-02-07T16:55:42","date_gmt":"2021-02-07T19:55:42","guid":{"rendered":"https:\/\/tvc16.com\/portal\/?p=10165"},"modified":"2021-02-07T16:55:44","modified_gmt":"2021-02-07T19:55:44","slug":"feira-de-adocao-de-animais-promovida-pela-coordenadoria-de-bem-estar-animal-cobea-sera-no-proximo-sabado-13-na-praca-dom-pedro","status":"publish","type":"post","link":"https:\/\/tvc16.com\/portal\/2021\/02\/07\/feira-de-adocao-de-animais-promovida-pela-coordenadoria-de-bem-estar-animal-cobea-sera-no-proximo-sabado-13-na-praca-dom-pedro\/","title":{"rendered":"Feira de ado\u00e7\u00e3o de animais promovida pela Coordenadoria de Bem-estar Animal (Cobea) ser\u00e1 no pr\u00f3ximo s\u00e1bado (13) na Pra\u00e7a Dom Pedro."},"content":{"rendered":"\n<p>A feira de ado\u00e7\u00e3o de animais promovida pela Coordenadoria de Bem-estar Animal (Cobea) foi transferida para o dia 13 de fevereiro, das 10h \u00e0s 15h, na Pra\u00e7a Dom Pedro, no Centro hist\u00f3rico de Petr\u00f3polis. <\/p>\n\n\n\n<p>As feiras ser\u00e3o realizadas quinzenalmente e em cada a\u00e7\u00e3o ser\u00e3o disponibilizadas duas barracas para os protetores \u2013 estes dever\u00e3o estar cadastrados na Cobea para serem inclu\u00eddos no cronograma. O objetivo \u00e9 estimular a posse respons\u00e1vel com a frase, \u201cN\u00e3o compre, adote\u201d.<\/p>\n\n\n\n<p>Os protetores interessados em participar das pr\u00f3ximas feiras podem fazer contato com a Cobea atrav\u00e9s do telefone: (24) 2291-1505 ou por e-mail: ceaicobea@petropolis.rj.gov.br.<\/p>\n","protected":false},"excerpt":{"rendered":"<p>A feira de ado\u00e7\u00e3o de animais promovida pela Coordenadoria de Bem-estar Animal (Cobea) foi transferida<\/p>\n","protected":false},"author":2,"featured_media":10166,"comment_status":"open","ping_status":"open","sticky":false,"template":"","format":"standard","meta":{"footnotes":""},"categories":[12],"tags":[],"class_list":["post-10165","post","type-post","status-publish","format-standard","has-post-thumbnail","hentry","category-cidade"],"_links":{"self":[{"href":"https:\/\/tvc16.com\/portal\/wp-json\/wp\/v2\/posts\/10165","targetHints":{"allow":["GET"]}}],"collection":[{"href":"https:\/\/tvc16.com\/portal\/wp-json\/wp\/v2\/posts"}],"about":[{"href":"https:\/\/tvc16.com\/portal\/wp-json\/wp\/v2\/types\/post"}],"author":[{"embeddable":true,"href":"https:\/\/tvc16.com\/portal\/wp-json\/wp\/v2\/users\/2"}],"replies":[{"embeddable":true,"href":"https:\/\/tvc16.com\/portal\/wp-json\/wp\/v2\/comments?post=10165"}],"version-history":[{"count":1,"href":"https:\/\/tvc16.com\/portal\/wp-json\/wp\/v2\/posts\/10165\/revisions"}],"predecessor-version":[{"id":10167,"href":"https:\/\/tvc16.com\/portal\/wp-json\/wp\/v2\/posts\/10165\/revisions\/10167"}],"wp:featuredmedia":[{"embeddable":true,"href":"https:\/\/tvc16.com\/portal\/wp-json\/wp\/v2\/media\/10166"}],"wp:attachment":[{"href":"https:\/\/tvc16.com\/portal\/wp-json\/wp\/v2\/media?parent=10165"}],"wp:term":[{"taxonomy":"category","embeddable":true,"href":"https:\/\/tvc16.com\/portal\/wp-json\/wp\/v2\/categories?post=10165"},{"taxonomy":"post_tag","embeddable":true,"href":"https:\/\/tvc16.com\/portal\/wp-json\/wp\/v2\/tags?post=10165"}],"curies":[{"name":"wp","href":"https:\/\/api.w.org\/{rel}","templated":true}]}}