{"id":101653,"date":"2025-03-31T08:25:42","date_gmt":"2025-03-31T11:25:42","guid":{"rendered":"https:\/\/tvc16.com\/portal\/?p=101653"},"modified":"2025-03-31T08:26:10","modified_gmt":"2025-03-31T11:26:10","slug":"unifase-fmp-reafirma-compromisso-com-a-sustentabilidade-e-reforca-acoes-socioambientais","status":"publish","type":"post","link":"https:\/\/tvc16.com\/portal\/2025\/03\/31\/unifase-fmp-reafirma-compromisso-com-a-sustentabilidade-e-reforca-acoes-socioambientais\/","title":{"rendered":"UNIFASE\/FMP reafirma compromisso com a sustentabilidade e refor\u00e7a a\u00e7\u00f5es socioambientais"},"content":{"rendered":"\n<p><em>Institui\u00e7\u00e3o incluiu a tem\u00e1tica ambiental no ensino e, agora, multiplica a\u00e7\u00f5es visando a destina\u00e7\u00e3o correta de res\u00edduos, em apoio a institui\u00e7\u00f5es filantr\u00f3picas<\/em><\/p>\n\n\n\n<p>A UNIFASE\/FMP acaba de dar mais um importante passo em seu projeto de sustentabilidade: est\u00e1 transformando suas unidades em ecopontos para a\u00e7\u00f5es socioambientais, coletando lacres de latas de alum\u00ednio, tampinhas pl\u00e1sticas e \u00f3leo de cozinha usado. O objetivo \u00e9 estimular a segrega\u00e7\u00e3o dos res\u00edduos para reduzir os impactos do descarte incorreto no meio ambiente, mas tamb\u00e9m apoiar projetos sociais reconhecidos na cidade.<\/p>\n\n\n\n<p>&#8220;Temos como um de nossos valores o compromisso com o Meio Ambiente e a preserva\u00e7\u00e3o da vida, em todas as suas formas. \u00c9 algo que faz parte da nossa rotina, seja no cuidado com os pacientes, seja com a prote\u00e7\u00e3o \u00e0 natureza. Os projetos de coleta seletiva t\u00eam essa preocupa\u00e7\u00e3o abrangente que refor\u00e7am nossa voca\u00e7\u00e3o e estimulam a participa\u00e7\u00e3o da comunidade em a\u00e7\u00f5es sustent\u00e1veis&#8221;, declarou a reitora Maria Isabel de S\u00e1 Earp de Resende Chaves.<\/p>\n\n\n\n<p>Segundo o Minist\u00e9rio das Cidades, em 2022, foram coletadas 1,87 milh\u00e3o de toneladas de res\u00edduos s\u00f3lidos urbanos no pa\u00eds. Deste montante, apenas 2,37% dos materiais recicl\u00e1veis domiciliares recebem tratamento para serem reutilizados ou reciclados. Na UNIFASE\/FMP, al\u00e9m da separa\u00e7\u00e3o dos res\u00edduos s\u00f3lidos, o material tamb\u00e9m \u00e9 destinado corretamente para garantir sua reutiliza\u00e7\u00e3o.<\/p>\n\n\n\n<p>&#8220;Nossa preocupa\u00e7\u00e3o vai al\u00e9m da segrega\u00e7\u00e3o. Nosso foco \u00e9 garantir que os res\u00edduos tenham a destina\u00e7\u00e3o correta para evitar que poluam o meio ambiente e que sejam reciclados ou reutilizados corretamente&#8221;, explicou a engenheira Thamyres Marcolino, presidente da Comiss\u00e3o de Sustentabilidade da Institui\u00e7\u00e3o, contando que, em 2024, mais de seis toneladas de res\u00edduos foram destinadas \u00e0 reciclagem.<\/p>\n\n\n\n<p>Outras a\u00e7\u00f5es &#8211; Al\u00e9m da coleta seletiva dos res\u00edduos gerados nos setores administrativos, outras quatro a\u00e7\u00f5es sustent\u00e1veis est\u00e3o sendo promovidas na institui\u00e7\u00e3o, em apoio a iniciativas de cunho social. Criado em 2012, o &#8220;Anel de Solidariedade&#8221; arrecada lacres de latas de alum\u00ednio que s\u00e3o vendidos para aquisi\u00e7\u00e3o de cadeiras de rodas. S\u00e3o necess\u00e1rios 90kg de alum\u00ednio para cada cadeira. Em 13 anos, foram arrecadadas 16.940 toneladas de alum\u00ednio e 188 cadeiras foram doadas.<\/p>\n\n\n\n<p>Em dezembro de 2024, foi lan\u00e7ada a campanha para arrecada\u00e7\u00e3o de \u00f3leo de cozinha usado. Em dois meses, 74 litros de \u00f3leo foram doados ao projeto INcluir Petr\u00f3polis para transformar o res\u00edduo em moeda solid\u00e1ria, gerando recursos destinados \u00e0 aquisi\u00e7\u00e3o de equipamentos de sa\u00fade, \u00e0 realiza\u00e7\u00e3o de a\u00e7\u00f5es e eventos para pessoas com defici\u00eancia e mobilidade reduzida.<\/p>\n\n\n\n<p>Na semana passada, uma nova parceria foi firmada. Desta vez, com a Ong Dog&#8217;s Heaven. A campanha Tampinhas da Esperan\u00e7a est\u00e1 arrecadando tampinhas pl\u00e1sticas que ser\u00e3o revertidas em cuidados veterin\u00e1rios aos mais de 300 c\u00e3es acolhidos.<\/p>\n\n\n\n<p>Premiado pela Organiza\u00e7\u00e3o Mundial da Sa\u00fade, o projeto &#8220;Era Lixo, Virou Luxo&#8221;, criado em 2009, transforma materiais recicl\u00e1veis ou reutiliz\u00e1veis em itens \u00fateis, como pufes e hortas suspensas, promovendo sustentabilidade e engajamento comunit\u00e1rio.<\/p>\n\n\n\n<p>Foco na sa\u00fade planet\u00e1ria, com inclus\u00e3o da tem\u00e1tica nos projetos pedag\u00f3gicos \u2013 A UNIFASE\/FMP vem, nos \u00faltimos anos, refor\u00e7ando as discuss\u00f5es sobre a vida e o meio ambiente. Fez do seu campus, na Avenida Bar\u00e3o do Rio Branco, um campus parque com padr\u00e3o construtivo sustent\u00e1vel e passou a promover e sediar eventos que levantam quest\u00f5es relacionadas \u00e0 sa\u00fade planet\u00e1ria, que co-relaciona a sa\u00fade humana \u00e0 preserva\u00e7\u00e3o dos ecossistemas.<\/p>\n\n\n\n<p>Em iniciativa pioneira na regi\u00e3o, incluiu a tem\u00e1tica nos projetos pedag\u00f3gicos de seus cursos de gradua\u00e7\u00e3o e vem aprimorando os mecanismos de ensino de forma que os estudantes sejam despertados para a reflex\u00e3o sobre as mudan\u00e7as ambientais em larga escala, evidenciando a responsabilidade individual e coletiva para preserva\u00e7\u00e3o da vida.<\/p>\n\n\n\n<p>Conhe\u00e7a os ecopontos da UNIFASE\/FMP:<\/p>\n\n\n\n<ul class=\"wp-block-list\">\n<li>Estacionamento coberto do Campus Bar\u00e3o do Rio Branco (Av. Bar\u00e3o do Rio Branco, 1003, Centro)<\/li>\n\n\n\n<li>Ambulat\u00f3rio Escola (Rua Hyvio Naliato, 869, Samambaia)<\/li>\n\n\n\n<li>PSF Estrada da Saudade (Rua Estrada da Saudade, 160)<\/li>\n\n\n\n<li>PSF Machado Fagundes (Rua Dr. Paulo Rudge, 238)<\/li>\n\n\n\n<li>PSF Boa Vista (Rua Henrique Jo\u00e3o da Cruz, 300)<\/li>\n\n\n\n<li>PSF Nova Cascatinha (Rua Hyvio Naliato, 951)<br>Mais informa\u00e7\u00f5es em www.unifase-rj.edu.br.<\/li>\n<\/ul>\n","protected":false},"excerpt":{"rendered":"<p>Institui\u00e7\u00e3o incluiu a tem\u00e1tica ambiental no ensino e, agora, multiplica a\u00e7\u00f5es visando a destina\u00e7\u00e3o correta<\/p>\n","protected":false},"author":2,"featured_media":101654,"comment_status":"open","ping_status":"open","sticky":false,"template":"","format":"standard","meta":{"footnotes":""},"categories":[12],"tags":[],"class_list":["post-101653","post","type-post","status-publish","format-standard","has-post-thumbnail","hentry","category-cidade"],"_links":{"self":[{"href":"https:\/\/tvc16.com\/portal\/wp-json\/wp\/v2\/posts\/101653","targetHints":{"allow":["GET"]}}],"collection":[{"href":"https:\/\/tvc16.com\/portal\/wp-json\/wp\/v2\/posts"}],"about":[{"href":"https:\/\/tvc16.com\/portal\/wp-json\/wp\/v2\/types\/post"}],"author":[{"embeddable":true,"href":"https:\/\/tvc16.com\/portal\/wp-json\/wp\/v2\/users\/2"}],"replies":[{"embeddable":true,"href":"https:\/\/tvc16.com\/portal\/wp-json\/wp\/v2\/comments?post=101653"}],"version-history":[{"count":1,"href":"https:\/\/tvc16.com\/portal\/wp-json\/wp\/v2\/posts\/101653\/revisions"}],"predecessor-version":[{"id":101655,"href":"https:\/\/tvc16.com\/portal\/wp-json\/wp\/v2\/posts\/101653\/revisions\/101655"}],"wp:featuredmedia":[{"embeddable":true,"href":"https:\/\/tvc16.com\/portal\/wp-json\/wp\/v2\/media\/101654"}],"wp:attachment":[{"href":"https:\/\/tvc16.com\/portal\/wp-json\/wp\/v2\/media?parent=101653"}],"wp:term":[{"taxonomy":"category","embeddable":true,"href":"https:\/\/tvc16.com\/portal\/wp-json\/wp\/v2\/categories?post=101653"},{"taxonomy":"post_tag","embeddable":true,"href":"https:\/\/tvc16.com\/portal\/wp-json\/wp\/v2\/tags?post=101653"}],"curies":[{"name":"wp","href":"https:\/\/api.w.org\/{rel}","templated":true}]}}