{"id":101659,"date":"2025-03-31T08:46:12","date_gmt":"2025-03-31T11:46:12","guid":{"rendered":"https:\/\/tvc16.com\/portal\/?p=101659"},"modified":"2025-03-31T08:47:15","modified_gmt":"2025-03-31T11:47:15","slug":"estado-do-rio-gera-mais-de-31-mil-postos-de-trabalho-formal-em-fevereiro","status":"publish","type":"post","link":"https:\/\/tvc16.com\/portal\/2025\/03\/31\/estado-do-rio-gera-mais-de-31-mil-postos-de-trabalho-formal-em-fevereiro\/","title":{"rendered":"Estado do Rio gera mais de 31 mil postos de trabalho formal em fevereiro"},"content":{"rendered":"\n<p><em>Resultado \u00e9 o melhor de todos os meses de fevereiro, desde 2020<\/em><br><br>O Estado do Rio de Janeiro gerou, em fevereiro, 31.974 empregos com carteira assinada. O resultado \u00e9 85,5% maior que o de fevereiro de 2024, quando foram criados 17.238 postos de trabalho formal. \u00c9 tamb\u00e9m o maior saldo de todos os meses de fevereiro, dentro da s\u00e9rie hist\u00f3rica do Novo Caged (Cadastro Geral de Empregados e Desempregados), que teve in\u00edcio em 2020 e \u00e9 divulgado pelo Minist\u00e9rio do Trabalho e Emprego.<\/p>\n\n\n\n<p>\u2013 Os n\u00fameros que temos atingido na gera\u00e7\u00e3o de empregos a cada m\u00eas sinalizam a for\u00e7a da economia fluminense. Demonstram tamb\u00e9m que o desenvolvimento est\u00e1 chegando \u00e0s diferentes regi\u00f5es do estado, para transformar a vida das pessoas e garantir dignidade ao nosso povo \u2013 comenta o governador Cl\u00e1udio Castro.<\/p>\n\n\n\n<p>Entre os munic\u00edpios que mais criaram postos de trabalho em fevereiro est\u00e3o o Rio de Janeiro (18.992), Maca\u00e9 (1.588), Itaperuna (1.578), Duque de Caxias (819) e Itagua\u00ed (738). Os cinco setores de atividade econ\u00f4mica apresentaram saldo positivo de gera\u00e7\u00e3o de empregos, com destaque para o de Servi\u00e7os (26.174), Constru\u00e7\u00e3o (3.006) e Ind\u00fastria (2.674).<\/p>\n\n\n\n<p>\u2013 Temos desenvolvido programas e a\u00e7\u00f5es para elevar o n\u00famero de vagas de trabalho e a capacita\u00e7\u00e3o profissional no estado, e os resultados est\u00e3o refletidos no Novo Caged. A Secretaria de Trabalho e Renda continua investindo recursos financeiros e humanos para aumentar ainda mais a quantidade de postos de trabalho para a popula\u00e7\u00e3o \u2013 enfatizou o secret\u00e1rio de Trabalho e Renda, Felipinho Ravis.<\/p>\n\n\n\n<p>De acordo com o Novo Caged, as mulheres ocuparam 56,0% dos empregos gerados, enquanto os homens ficaram com 44,0%. Por idade, o maior saldo de vagas foi preenchido por jovens entre 18 e 24 anos (11.623). Por grau de instru\u00e7\u00e3o, a maioria dos postos foi ocupada por pessoas que possuem o Ensino M\u00e9dio completo (22.931).<\/p>\n","protected":false},"excerpt":{"rendered":"<p>Resultado \u00e9 o melhor de todos os meses de fevereiro, desde 2020 O Estado do<\/p>\n","protected":false},"author":2,"featured_media":99900,"comment_status":"open","ping_status":"open","sticky":false,"template":"","format":"standard","meta":{"footnotes":""},"categories":[17],"tags":[],"class_list":["post-101659","post","type-post","status-publish","format-standard","has-post-thumbnail","hentry","category-outras-noticias"],"_links":{"self":[{"href":"https:\/\/tvc16.com\/portal\/wp-json\/wp\/v2\/posts\/101659","targetHints":{"allow":["GET"]}}],"collection":[{"href":"https:\/\/tvc16.com\/portal\/wp-json\/wp\/v2\/posts"}],"about":[{"href":"https:\/\/tvc16.com\/portal\/wp-json\/wp\/v2\/types\/post"}],"author":[{"embeddable":true,"href":"https:\/\/tvc16.com\/portal\/wp-json\/wp\/v2\/users\/2"}],"replies":[{"embeddable":true,"href":"https:\/\/tvc16.com\/portal\/wp-json\/wp\/v2\/comments?post=101659"}],"version-history":[{"count":1,"href":"https:\/\/tvc16.com\/portal\/wp-json\/wp\/v2\/posts\/101659\/revisions"}],"predecessor-version":[{"id":101660,"href":"https:\/\/tvc16.com\/portal\/wp-json\/wp\/v2\/posts\/101659\/revisions\/101660"}],"wp:featuredmedia":[{"embeddable":true,"href":"https:\/\/tvc16.com\/portal\/wp-json\/wp\/v2\/media\/99900"}],"wp:attachment":[{"href":"https:\/\/tvc16.com\/portal\/wp-json\/wp\/v2\/media?parent=101659"}],"wp:term":[{"taxonomy":"category","embeddable":true,"href":"https:\/\/tvc16.com\/portal\/wp-json\/wp\/v2\/categories?post=101659"},{"taxonomy":"post_tag","embeddable":true,"href":"https:\/\/tvc16.com\/portal\/wp-json\/wp\/v2\/tags?post=101659"}],"curies":[{"name":"wp","href":"https:\/\/api.w.org\/{rel}","templated":true}]}}