{"id":101661,"date":"2025-03-31T09:36:06","date_gmt":"2025-03-31T12:36:06","guid":{"rendered":"https:\/\/tvc16.com\/portal\/?p=101661"},"modified":"2025-03-31T09:36:08","modified_gmt":"2025-03-31T12:36:08","slug":"homem-e-preso-acusado-de-matar-uma-jovem-na-regiao-da-posse-em-petropolis","status":"publish","type":"post","link":"https:\/\/tvc16.com\/portal\/2025\/03\/31\/homem-e-preso-acusado-de-matar-uma-jovem-na-regiao-da-posse-em-petropolis\/","title":{"rendered":"Homem \u00e9 preso acusado de matar uma jovem na regi\u00e3o da Posse, em Petr\u00f3polis"},"content":{"rendered":"\n<p>Na \u00faltima sexta-feira (28), um homem foi preso acusado de cometer homic\u00eddio, em Petr\u00f3polis. Na ocasi\u00e3o, Policiais Civis da 106\u00aa Delegacia de Pol\u00edcia, em Itaipava, em uma a\u00e7\u00e3o conjunta com Policiais Militares do 16\u00ba Batalh\u00e3o de Pol\u00edcia Militar, realizaram o cumprimento do mandado de pris\u00e3o tempor\u00e1ria do acusado.<\/p>\n\n\n\n<p>Segundo as investiga\u00e7\u00f5es, o autor foi reconhecido como um dos homens que assassinaram, covardemente, uma jovem de 21 anos, no dia 15 de mar\u00e7o. O crime aconteceu na regi\u00e3o da Posse.<\/p>\n\n\n\n<p>A pris\u00e3o \u00e9 fruto de uma longa investiga\u00e7\u00e3o conduzida por agentes da 106\u00aa DP, que realizou dilig\u00eancias e oitivas. Imagens tamb\u00e9m foram analisadas e realizados levantamentos de campo, o que possibilitou a identifica\u00e7\u00e3o do autor do crime.<\/p>\n\n\n\n<p>Ele foi preso e permaneceu \u00e0 disposi\u00e7\u00e3o da Justi\u00e7a.<\/p>\n\n\n\n<p><\/p>\n","protected":false},"excerpt":{"rendered":"<p>Na \u00faltima sexta-feira (28), um homem foi preso acusado de cometer homic\u00eddio, em Petr\u00f3polis. Na<\/p>\n","protected":false},"author":2,"featured_media":101663,"comment_status":"open","ping_status":"open","sticky":false,"template":"","format":"standard","meta":{"footnotes":""},"categories":[12],"tags":[],"class_list":["post-101661","post","type-post","status-publish","format-standard","has-post-thumbnail","hentry","category-cidade"],"_links":{"self":[{"href":"https:\/\/tvc16.com\/portal\/wp-json\/wp\/v2\/posts\/101661","targetHints":{"allow":["GET"]}}],"collection":[{"href":"https:\/\/tvc16.com\/portal\/wp-json\/wp\/v2\/posts"}],"about":[{"href":"https:\/\/tvc16.com\/portal\/wp-json\/wp\/v2\/types\/post"}],"author":[{"embeddable":true,"href":"https:\/\/tvc16.com\/portal\/wp-json\/wp\/v2\/users\/2"}],"replies":[{"embeddable":true,"href":"https:\/\/tvc16.com\/portal\/wp-json\/wp\/v2\/comments?post=101661"}],"version-history":[{"count":1,"href":"https:\/\/tvc16.com\/portal\/wp-json\/wp\/v2\/posts\/101661\/revisions"}],"predecessor-version":[{"id":101664,"href":"https:\/\/tvc16.com\/portal\/wp-json\/wp\/v2\/posts\/101661\/revisions\/101664"}],"wp:featuredmedia":[{"embeddable":true,"href":"https:\/\/tvc16.com\/portal\/wp-json\/wp\/v2\/media\/101663"}],"wp:attachment":[{"href":"https:\/\/tvc16.com\/portal\/wp-json\/wp\/v2\/media?parent=101661"}],"wp:term":[{"taxonomy":"category","embeddable":true,"href":"https:\/\/tvc16.com\/portal\/wp-json\/wp\/v2\/categories?post=101661"},{"taxonomy":"post_tag","embeddable":true,"href":"https:\/\/tvc16.com\/portal\/wp-json\/wp\/v2\/tags?post=101661"}],"curies":[{"name":"wp","href":"https:\/\/api.w.org\/{rel}","templated":true}]}}