{"id":101665,"date":"2025-03-31T11:13:56","date_gmt":"2025-03-31T14:13:56","guid":{"rendered":"https:\/\/tvc16.com\/portal\/?p=101665"},"modified":"2025-03-31T11:13:58","modified_gmt":"2025-03-31T14:13:58","slug":"tce-determina-nova-licitacao-para-o-transporte-publico","status":"publish","type":"post","link":"https:\/\/tvc16.com\/portal\/2025\/03\/31\/tce-determina-nova-licitacao-para-o-transporte-publico\/","title":{"rendered":"TCE determina nova licita\u00e7\u00e3o para o transporte p\u00fablico"},"content":{"rendered":"\n<p><em>Por Reda\u00e7\u00e3o<\/em><\/p>\n\n\n\n<p>O Tribunal de Contas do Estado do Rio de Janeiro (TCE-RJ) determinou que a prefeitura de Petr\u00f3polis realize mais uma licita\u00e7\u00e3o para o transporte p\u00fablico da cidade. O servi\u00e7o hoje \u00e9 operado de forma emergencial pelas empresas Turp Transporte, Cidade Real e Cidade das Hort\u00eansias.<\/p>\n\n\n\n<p><strong>Licita\u00e7\u00f5es<\/strong><\/p>\n\n\n\n<p>Com a medida, o munic\u00edpio ter\u00e1 tr\u00eas licita\u00e7\u00f5es a serem realizadas. Duas s\u00e3o referentes as linhas antes operadas pelas empresas Cascatinha e Petro Ita, que tiveram a caducidade decretada em 2024, ap\u00f3s apresentarem diversas falhas, problemas e at\u00e9 acidentes devido \u00e0 falta de manuten\u00e7\u00e3o dos ve\u00edculos. A outra ser\u00e1 referente as linhas atualmente operadas pela Cidade das hort\u00eansias, cujo contrato termina neste ano.<\/p>\n\n\n\n<p><strong>Recentes problemas<\/strong><\/p>\n\n\n\n<p>Recentemente os passageiros t\u00eam enfrentado dificuldades no transporte p\u00fablico. Na \u00faltima semana, por duas vezes a porta de um micro-\u00f4nibus exclusivo da Turp, caiu durante a viagem O caso aconteceu enquanto o ve\u00edculo de prefixo 6401 operava a linha 632 (Comunidade S\u00e3o Luiz) e 633 (Comunidade do Neylor). Tamb\u00e9m em mar\u00e7o, ap\u00f3s altera\u00e7\u00e3o no embarque dos idosos, os coletivos da empresa Cidade Real apresentaram falhas nos validadores. Devido ao problema, os passageiros precisaram embarcar e desembarcar pela porta do meio.<\/p>\n\n\n\n<p><strong>Relat\u00f3rio da CPTrans<\/strong><\/p>\n\n\n\n<p>Em 2025 entrou em vigor a lei 8.978\/2025 que determina a publica\u00e7\u00e3o de relat\u00f3rios mensais da Companhia Petropolitana de Tr\u00e2nsito e Transportes (CPTrans), referente as fiscaliza\u00e7\u00f5es dos coletivos das empresas que prestam o servi\u00e7o na cidade. Segundo os dados do relat\u00f3rio, foram 2.981 viagens n\u00e3o realizadas pelas empresas, sendo que a Turp Transporte segue com o maior n\u00famero de viagens perdidas no per\u00edodo. Das 2.981, 2.624 s\u00e3o da empresa, o equivalente a 88% de todas registradas. Da empresa Cidade das Hort\u00eansias, foram 128 viagens perdidas e da Cidade Real 230, registrando assim, aumento no n\u00famero de viagens n\u00e3o realizadas no m\u00eas.<\/p>\n\n\n\n<p>A publica\u00e7\u00e3o dos editais \u00e9 de responsabilidade da CPTrans. Em, a gest\u00e3o de Bomtempo chegou a publicar o edital para substitui\u00e7\u00e3o das linhas da cascatinha, por\u00e9m o TCE-RJ suspendeu o andamento do certame por conta de irregularidades. Das linhas da Petro Ita, a Comiss\u00e3o Especial de Licita\u00e7\u00e3o foi prorrogada no fim do ano passado por mais 12 meses.<\/p>\n\n\n\n<p><strong>O que diz o Setranspetro<\/strong><\/p>\n\n\n\n<p>O Setranspetro informa que, segundo o Relat\u00f3rio Mensal de Opera\u00e7\u00e3o, divulgado pela CPTrans, no m\u00eas de fevereiro de 2025, o sistema de transporte por \u00f4nibus cumpriu 97,1% das 103.546 viagens programadas. Os descumprimentos, equivalentes a 2,9% s\u00e3o, a maioria, ou seja, 2,6%, por motivos relacionados \u00e0 tr\u00e2nsito, interrup\u00e7\u00f5es vi\u00e1rias por obras, chuva, alagamento, quedas de \u00e1rvore, fia\u00e7\u00e3o, acidentes, al\u00e9m dos constantes estacionamentos irregulares.<\/p>\n\n\n\n<p>Frente a decis\u00e3o a&nbsp;CPTrans informou que j\u00e1 trabalha na elabora\u00e7\u00e3o de um edital para a licita\u00e7\u00e3o das linhas que eram operadas pelas empresas Cascatinha e Petro Ita. Segundo a companhia o&nbsp; objetivo \u00e9 que o documento seja publicado ainda em 2025.<\/p>\n","protected":false},"excerpt":{"rendered":"<p>Por Reda\u00e7\u00e3o O Tribunal de Contas do Estado do Rio de Janeiro (TCE-RJ) determinou que<\/p>\n","protected":false},"author":2,"featured_media":101666,"comment_status":"open","ping_status":"open","sticky":false,"template":"","format":"standard","meta":{"footnotes":""},"categories":[12],"tags":[],"class_list":["post-101665","post","type-post","status-publish","format-standard","has-post-thumbnail","hentry","category-cidade"],"_links":{"self":[{"href":"https:\/\/tvc16.com\/portal\/wp-json\/wp\/v2\/posts\/101665","targetHints":{"allow":["GET"]}}],"collection":[{"href":"https:\/\/tvc16.com\/portal\/wp-json\/wp\/v2\/posts"}],"about":[{"href":"https:\/\/tvc16.com\/portal\/wp-json\/wp\/v2\/types\/post"}],"author":[{"embeddable":true,"href":"https:\/\/tvc16.com\/portal\/wp-json\/wp\/v2\/users\/2"}],"replies":[{"embeddable":true,"href":"https:\/\/tvc16.com\/portal\/wp-json\/wp\/v2\/comments?post=101665"}],"version-history":[{"count":1,"href":"https:\/\/tvc16.com\/portal\/wp-json\/wp\/v2\/posts\/101665\/revisions"}],"predecessor-version":[{"id":101667,"href":"https:\/\/tvc16.com\/portal\/wp-json\/wp\/v2\/posts\/101665\/revisions\/101667"}],"wp:featuredmedia":[{"embeddable":true,"href":"https:\/\/tvc16.com\/portal\/wp-json\/wp\/v2\/media\/101666"}],"wp:attachment":[{"href":"https:\/\/tvc16.com\/portal\/wp-json\/wp\/v2\/media?parent=101665"}],"wp:term":[{"taxonomy":"category","embeddable":true,"href":"https:\/\/tvc16.com\/portal\/wp-json\/wp\/v2\/categories?post=101665"},{"taxonomy":"post_tag","embeddable":true,"href":"https:\/\/tvc16.com\/portal\/wp-json\/wp\/v2\/tags?post=101665"}],"curies":[{"name":"wp","href":"https:\/\/api.w.org\/{rel}","templated":true}]}}