{"id":101671,"date":"2025-04-01T05:00:00","date_gmt":"2025-04-01T08:00:00","guid":{"rendered":"https:\/\/tvc16.com\/portal\/?p=101671"},"modified":"2025-03-31T13:58:52","modified_gmt":"2025-03-31T16:58:52","slug":"ex-aluno-do-colegio-koeler-pedro-henrique-martins-se-destaca-em-intercambio-na-ufrj","status":"publish","type":"post","link":"https:\/\/tvc16.com\/portal\/2025\/04\/01\/ex-aluno-do-colegio-koeler-pedro-henrique-martins-se-destaca-em-intercambio-na-ufrj\/","title":{"rendered":"Ex-aluno do Col\u00e9gio Koeler, Pedro Henrique Martins, se destaca em interc\u00e2mbio na UFRJ"},"content":{"rendered":"\n<p>Pedro Henrique Martins, de 23 anos, ex-aluno do Col\u00e9gio Koeler, tornou-se um exemplo de sucesso acad\u00eamico ao se destacar em um programa de interc\u00e2mbio na Universidade Federal do Rio de Janeiro (UFRJ). Aluno bolsista pelo Programa Todos pela Educa\u00e7\u00e3o, ele reconhece que a base adquirida na institui\u00e7\u00e3o foi essencial para essa conquista. \u201cSem o Col\u00e9gio Koeler, eu dificilmente teria mantido a excel\u00eancia que sempre tive nos estudos\u201d, declara Pedro Henrique.<\/p>\n\n\n\n<p>O Programa Todos pela Educa\u00e7\u00e3o, implementado no munic\u00edpio em 2006, \u00e9 um marco na democratiza\u00e7\u00e3o do ensino de qualidade. A iniciativa permite que estudantes da rede p\u00fablica tenham acesso a institui\u00e7\u00f5es particulares de excel\u00eancia, oferecendo uma oportunidade \u00fanica para jovens talentos. O diretor pedag\u00f3gico do Col\u00e9gio Koeler, Raphael Louro, destaca a import\u00e2ncia do programa para a escola e para os alunos. \u201cRecebemos estudantes extremamente motivados, dedicados e com alto potencial acad\u00eamico. \u00c9 um orgulho para n\u00f3s v\u00ea-los crescer e conquistar espa\u00e7os de destaque\u201d, afirma.<\/p>\n\n\n\n<p>Pedro ingressou no Col\u00e9gio Koeler em 2017 por meio da bolsa integral e sempre se destacou pelo desempenho acad\u00eamico exemplar. Seu interesse pela Engenharia Qu\u00edmica o levou a buscar novas oportunidades, e a UFRJ se tornou o cen\u00e1rio perfeito para expandir seus horizontes. \u201cA UFRJ \u00e9 uma universidade hist\u00f3rica, respons\u00e1vel por formar grandes nomes da engenharia nacional. Estar aqui, aprendendo com professores t\u00e3o renomados, \u00e9 uma experi\u00eancia incr\u00edvel\u201d, conta Pedro.<\/p>\n\n\n\n<p>O processo seletivo para o interc\u00e2mbio foi desafiador. A UFRJ indicou Pedro como um dos melhores alunos para concorrer a uma vaga na Universidade de Purdue, nos Estados Unidos. \u201cFoi um processo longo, que envolveu carta de motiva\u00e7\u00e3o, detalhamento sobre minha trajet\u00f3ria e an\u00e1lise da minha experi\u00eancia em pesquisa. Ter sido escolhido entre tantos alunos capacitados foi uma valida\u00e7\u00e3o do meu esfor\u00e7o\u201d, relata. A parceria entre Purdue e institui\u00e7\u00f5es de renome no Brasil, como UFRJ, USP, Unicamp e ITA, busca levar os melhores estudantes de engenharia para um per\u00edodo de estudos no exterior, proporcionando uma experi\u00eancia acad\u00eamica de alto n\u00edvel.<\/p>\n\n\n\n<p>A jornada de Pedro refor\u00e7a o impacto transformador do Programa Todos pela Educa\u00e7\u00e3o. \u201cMinha fam\u00edlia n\u00e3o teria condi\u00e7\u00f5es de pagar um col\u00e9gio particular. A bolsa foi o que viabilizou minha forma\u00e7\u00e3o e me deu a base necess\u00e1ria para alcan\u00e7ar essas conquistas\u201d, ressalta. Para Raphael Louro, hist\u00f3rias como essa confirmam a relev\u00e2ncia do projeto. \u201cNosso objetivo \u00e9 garantir que estudantes talentosos tenham acesso a um ensino de qualidade e possam alcan\u00e7ar grandes voos. A trajet\u00f3ria do Pedro mostra que estamos no caminho certo\u201d, enfatiza o diretor.<\/p>\n\n\n\n<p>Pedro tamb\u00e9m acredita que sua experi\u00eancia pode inspirar outros jovens. \u201cAos estudantes que sonham com um futuro promissor, eu digo: persistam. O caminho nem sempre \u00e9 f\u00e1cil, mas as oportunidades existem. Aproveitem cada chance, se dediquem e acreditem no seu potencial\u201d, aconselha.<\/p>\n\n\n\n<p>O Col\u00e9gio Koeler segue investindo na excel\u00eancia acad\u00eamica e no apoio a alunos bolsistas, consolidando-se como uma refer\u00eancia na forma\u00e7\u00e3o de jovens talentos. O sucesso de Pedro Henrique Martins \u00e9 mais um exemplo de como educa\u00e7\u00e3o de qualidade e oportunidades acess\u00edveis podem transformar vidas.<\/p>\n\n\n\n<p>Foto: divulga\u00e7\u00e3o <\/p>\n","protected":false},"excerpt":{"rendered":"<p>Pedro Henrique Martins, de 23 anos, ex-aluno do Col\u00e9gio Koeler, tornou-se um exemplo de sucesso<\/p>\n","protected":false},"author":2,"featured_media":101672,"comment_status":"open","ping_status":"open","sticky":false,"template":"","format":"standard","meta":{"footnotes":""},"categories":[12],"tags":[],"class_list":["post-101671","post","type-post","status-publish","format-standard","has-post-thumbnail","hentry","category-cidade"],"_links":{"self":[{"href":"https:\/\/tvc16.com\/portal\/wp-json\/wp\/v2\/posts\/101671","targetHints":{"allow":["GET"]}}],"collection":[{"href":"https:\/\/tvc16.com\/portal\/wp-json\/wp\/v2\/posts"}],"about":[{"href":"https:\/\/tvc16.com\/portal\/wp-json\/wp\/v2\/types\/post"}],"author":[{"embeddable":true,"href":"https:\/\/tvc16.com\/portal\/wp-json\/wp\/v2\/users\/2"}],"replies":[{"embeddable":true,"href":"https:\/\/tvc16.com\/portal\/wp-json\/wp\/v2\/comments?post=101671"}],"version-history":[{"count":1,"href":"https:\/\/tvc16.com\/portal\/wp-json\/wp\/v2\/posts\/101671\/revisions"}],"predecessor-version":[{"id":101673,"href":"https:\/\/tvc16.com\/portal\/wp-json\/wp\/v2\/posts\/101671\/revisions\/101673"}],"wp:featuredmedia":[{"embeddable":true,"href":"https:\/\/tvc16.com\/portal\/wp-json\/wp\/v2\/media\/101672"}],"wp:attachment":[{"href":"https:\/\/tvc16.com\/portal\/wp-json\/wp\/v2\/media?parent=101671"}],"wp:term":[{"taxonomy":"category","embeddable":true,"href":"https:\/\/tvc16.com\/portal\/wp-json\/wp\/v2\/categories?post=101671"},{"taxonomy":"post_tag","embeddable":true,"href":"https:\/\/tvc16.com\/portal\/wp-json\/wp\/v2\/tags?post=101671"}],"curies":[{"name":"wp","href":"https:\/\/api.w.org\/{rel}","templated":true}]}}