{"id":101679,"date":"2025-04-01T05:00:00","date_gmt":"2025-04-01T08:00:00","guid":{"rendered":"https:\/\/tvc16.com\/portal\/?p=101679"},"modified":"2025-03-31T14:15:30","modified_gmt":"2025-03-31T17:15:30","slug":"defesa-civil-de-petropolis-participa-de-capacitacao-do-cell-broadcast-para-outros-municipios-no-nordeste","status":"publish","type":"post","link":"https:\/\/tvc16.com\/portal\/2025\/04\/01\/defesa-civil-de-petropolis-participa-de-capacitacao-do-cell-broadcast-para-outros-municipios-no-nordeste\/","title":{"rendered":"Defesa Civil de Petr\u00f3polis participa de capacita\u00e7\u00e3o do Cell Broadcast para outros munic\u00edpios, no Nordeste"},"content":{"rendered":"\n<p>O trabalho realizado pela Defesa Civil de Petr\u00f3polis na emiss\u00e3o de alertas e na gest\u00e3o de riscos tem sido reconhecido nacionalmente. Nesta semana, dois t\u00e9cnicos embarcaram para o Nordeste, a convite da Defesa Civil Nacional, para ministrar capacita\u00e7\u00f5es sobre o uso do sistema Cell Broadcast. A regi\u00e3o nordestina, em breve, contar\u00e1 com o Defesa Civil Alerta, que j\u00e1 usado em Petr\u00f3polis desde o ano passado.<\/p>\n\n\n\n<p>\u201cEsse convite \u00e9 reconhecimento do trabalho feito pela nossa Defesa Civil. Nosso compromisso \u00e9 garantir que a popula\u00e7\u00e3o receba os alertas de forma eficiente e que cada vez mais a cidade seja segura e resiliente\u201d, comentou o prefeito Hingo Hammes.<\/p>\n\n\n\n<p>Os dois t\u00e9cnicos da Defesa Civil de Petr\u00f3polis ser\u00e3o instrutores da capacita\u00e7\u00e3o, ensinando os profissionais das defesas civis municipais e estaduais do Nordeste como \u00e9 a utiliza\u00e7\u00e3o da plataforma IDAP (Interface de Divulga\u00e7\u00e3o de Alertas P\u00fablicos) que opera o sistema de envio do Cell Broadcast e das mensagens de alerta e alarme. Tamb\u00e9m ser\u00e3o realizados simulados de situa\u00e7\u00f5es de emerg\u00eancia e de risco.<\/p>\n\n\n\n<p>\u201cFoi com grande satisfa\u00e7\u00e3o e senso de responsabilidade que recebemos esse convite da Defesa Civil Nacional. Esse convite refor\u00e7a que estamos no caminho certo ao investir em tecnologia e capacita\u00e7\u00e3o para proteger vidas\u201d, disse a diretora do setor de monitoramento da DC, Eduarda Conde, que participa da capacita\u00e7\u00e3o na cidade de Macei\u00f3, em Alagoas.<\/p>\n\n\n\n<p>\u201cPetr\u00f3polis foi a cidade piloto desse sistema Cell Broadcast, sendo uma das primeiras do Brasil a usar essa tecnologia. Vai ser uma oportunidade de trocarmos experi\u00eancia, falarmos sobre o uso desse sistema na nossa cidade e o quanto essas tecnologias ajudam na preven\u00e7\u00e3o\u201d, ressaltou o ge\u00f3logo da Defesa Civil, Yuri Garin, que participa da capacita\u00e7\u00e3o na cidade de Jo\u00e3o Pessoa, na Para\u00edba. &#8220;Esse convite ressalta a for\u00e7a do quadro t\u00e9cnico, n\u00e3o apenas na Defesa Civil, mas da Prefeitura de Petr\u00f3polis como um todo\u201d, frisou o secret\u00e1rio de Defesa Civil, Guilherme Moraes.<\/p>\n\n\n\n<p>A participa\u00e7\u00e3o dos dois t\u00e9cnicos \u00e9 toda custeada pela Defesa Civil Nacional. A capacita\u00e7\u00e3o tem dura\u00e7\u00e3o de uma semana e faz parte do projeto Defesa Civil Alerta, que j\u00e1 usado pelo Governo Federal nas regi\u00f5es Sudeste e Sul do pa\u00eds.<\/p>\n\n\n\n<p>Foto: divulga\u00e7\u00e3o <\/p>\n","protected":false},"excerpt":{"rendered":"<p>O trabalho realizado pela Defesa Civil de Petr\u00f3polis na emiss\u00e3o de alertas e na gest\u00e3o<\/p>\n","protected":false},"author":2,"featured_media":101680,"comment_status":"open","ping_status":"open","sticky":false,"template":"","format":"standard","meta":{"footnotes":""},"categories":[12],"tags":[],"class_list":["post-101679","post","type-post","status-publish","format-standard","has-post-thumbnail","hentry","category-cidade"],"_links":{"self":[{"href":"https:\/\/tvc16.com\/portal\/wp-json\/wp\/v2\/posts\/101679","targetHints":{"allow":["GET"]}}],"collection":[{"href":"https:\/\/tvc16.com\/portal\/wp-json\/wp\/v2\/posts"}],"about":[{"href":"https:\/\/tvc16.com\/portal\/wp-json\/wp\/v2\/types\/post"}],"author":[{"embeddable":true,"href":"https:\/\/tvc16.com\/portal\/wp-json\/wp\/v2\/users\/2"}],"replies":[{"embeddable":true,"href":"https:\/\/tvc16.com\/portal\/wp-json\/wp\/v2\/comments?post=101679"}],"version-history":[{"count":1,"href":"https:\/\/tvc16.com\/portal\/wp-json\/wp\/v2\/posts\/101679\/revisions"}],"predecessor-version":[{"id":101681,"href":"https:\/\/tvc16.com\/portal\/wp-json\/wp\/v2\/posts\/101679\/revisions\/101681"}],"wp:featuredmedia":[{"embeddable":true,"href":"https:\/\/tvc16.com\/portal\/wp-json\/wp\/v2\/media\/101680"}],"wp:attachment":[{"href":"https:\/\/tvc16.com\/portal\/wp-json\/wp\/v2\/media?parent=101679"}],"wp:term":[{"taxonomy":"category","embeddable":true,"href":"https:\/\/tvc16.com\/portal\/wp-json\/wp\/v2\/categories?post=101679"},{"taxonomy":"post_tag","embeddable":true,"href":"https:\/\/tvc16.com\/portal\/wp-json\/wp\/v2\/tags?post=101679"}],"curies":[{"name":"wp","href":"https:\/\/api.w.org\/{rel}","templated":true}]}}