{"id":101688,"date":"2025-04-01T05:00:00","date_gmt":"2025-04-01T08:00:00","guid":{"rendered":"https:\/\/tvc16.com\/portal\/?p=101688"},"modified":"2025-03-31T15:41:07","modified_gmt":"2025-03-31T18:41:07","slug":"petrobras-reduz-preco-do-diesel-em-r-017-a-partir-de-hoje-1o-de-abril","status":"publish","type":"post","link":"https:\/\/tvc16.com\/portal\/2025\/04\/01\/petrobras-reduz-preco-do-diesel-em-r-017-a-partir-de-hoje-1o-de-abril\/","title":{"rendered":"Petrobras reduz pre\u00e7o do diesel em R$ 0,17 a partir de hoje 1\u00ba de abril"},"content":{"rendered":"\n<p>A Petrobras anunciou nesta segunda-feira (31) a redu\u00e7\u00e3o de R$ 0,17 por litro no pre\u00e7o do \u00f3leo diesel A (utilizado na produ\u00e7\u00e3o do \u00f3leo que chega aos consumidores).&nbsp;<strong>A diminui\u00e7\u00e3o de 4,6% passa a valer a partir de ter\u00e7a-feira (1\u00ba)<\/strong>.<img decoding=\"async\" src=\"https:\/\/agenciabrasil.ebc.com.br\/ebc.png?id=1636863&amp;o=node\"><img decoding=\"async\" src=\"https:\/\/agenciabrasil.ebc.com.br\/ebc.gif?id=1636863&amp;o=node\"><\/p>\n\n\n\n<p>O an\u00fancio foi feito pela presidente da estatal, Magda Chambriard, durante lan\u00e7amento de um programa para aquisi\u00e7\u00e3o de cr\u00e9dito de carbono, na sede da companhia, no Rio de Janeiro.<\/p>\n\n\n\n<p>O&nbsp;<strong>novo valor do combust\u00edvel vendido \u00e0s refinarias ser\u00e1, em m\u00e9dia, de R$ 3,55 por litro<\/strong>. De acordo com c\u00e1lculos da empresa, considerando a mistura obrigat\u00f3ria de 86% de diesel A e 14% de biodiesel para composi\u00e7\u00e3o do diesel B vendido nos postos, a parcela da Petrobras no pre\u00e7o ao consumidor passar\u00e1 a ser de R$ 3,05\/litro, uma redu\u00e7\u00e3o de R$ 0,15 a cada litro de diesel B.<\/p>\n\n\n\n<p><strong>A \u00faltima mudan\u00e7a no pre\u00e7o do diesel tinha sido em 1\u00ba de fevereiro, quando houve alta de R$ 0,22<\/strong>.<\/p>\n\n\n\n<p>A Petrobras informou que, com&nbsp;o novo pre\u00e7o de abril, o diesel barateou R$ 0,94 por litro, representando recuo de 20,9% desde dezembro de 2022, quando houve a mudan\u00e7a de governo Bolsonaro para Lula. Considerando a infla\u00e7\u00e3o do per\u00edodo, a redu\u00e7\u00e3o chega 29%, informou a estatal.<\/p>\n\n\n\n<p>Magda Chambriard refor\u00e7ou a defesa da pol\u00edtica de pre\u00e7os da companhia, alterada em 2023. A atual pol\u00edtica \u00e9 considerada como \u201cabrasileiramento\u201d dos valores, pois leva em conta fatores como o custo da produ\u00e7\u00e3o de petr\u00f3leo no Brasil e a participa\u00e7\u00e3o da Petrobras no mercado consumidor.<\/p>\n\n\n\n<p>A inten\u00e7\u00e3o \u00e9 n\u00e3o trazer para o consumidor brasileiro as flutua\u00e7\u00f5es bruscas dos pre\u00e7os internacionais e manter a estatal competitiva, para n\u00e3o perder mercado para concorrentes. \u201cA gente olha pre\u00e7o a cada 15 dias\u201d, afirmou a presidente.<\/p>\n\n\n\n<blockquote class=\"wp-block-quote is-layout-flow wp-block-quote-is-layout-flow\">\n<p>&#8220;Se precisar subir, a gente sobe, se precisar descer, a gente desce. Neste momento, o que a gente est\u00e1 dizendo \u00e9: o abrasileiramento de pre\u00e7os de combust\u00edvel no Brasil gerou uma economia relevante para a sociedade brasileira.\u201d<\/p>\n<\/blockquote>\n\n\n\n<p>Bruno de Freitas Moura &#8211; Rep\u00f3rter da Ag\u00eancia Brasil<br>Foto: \u00a9 Fernando Fraz\u00e3o\/Ag\u00eancia Brasil<br><\/p>\n","protected":false},"excerpt":{"rendered":"<p>A Petrobras anunciou nesta segunda-feira (31) a redu\u00e7\u00e3o de R$ 0,17 por litro no pre\u00e7o<\/p>\n","protected":false},"author":2,"featured_media":101689,"comment_status":"open","ping_status":"open","sticky":false,"template":"","format":"standard","meta":{"footnotes":""},"categories":[17],"tags":[],"class_list":["post-101688","post","type-post","status-publish","format-standard","has-post-thumbnail","hentry","category-outras-noticias"],"_links":{"self":[{"href":"https:\/\/tvc16.com\/portal\/wp-json\/wp\/v2\/posts\/101688","targetHints":{"allow":["GET"]}}],"collection":[{"href":"https:\/\/tvc16.com\/portal\/wp-json\/wp\/v2\/posts"}],"about":[{"href":"https:\/\/tvc16.com\/portal\/wp-json\/wp\/v2\/types\/post"}],"author":[{"embeddable":true,"href":"https:\/\/tvc16.com\/portal\/wp-json\/wp\/v2\/users\/2"}],"replies":[{"embeddable":true,"href":"https:\/\/tvc16.com\/portal\/wp-json\/wp\/v2\/comments?post=101688"}],"version-history":[{"count":1,"href":"https:\/\/tvc16.com\/portal\/wp-json\/wp\/v2\/posts\/101688\/revisions"}],"predecessor-version":[{"id":101690,"href":"https:\/\/tvc16.com\/portal\/wp-json\/wp\/v2\/posts\/101688\/revisions\/101690"}],"wp:featuredmedia":[{"embeddable":true,"href":"https:\/\/tvc16.com\/portal\/wp-json\/wp\/v2\/media\/101689"}],"wp:attachment":[{"href":"https:\/\/tvc16.com\/portal\/wp-json\/wp\/v2\/media?parent=101688"}],"wp:term":[{"taxonomy":"category","embeddable":true,"href":"https:\/\/tvc16.com\/portal\/wp-json\/wp\/v2\/categories?post=101688"},{"taxonomy":"post_tag","embeddable":true,"href":"https:\/\/tvc16.com\/portal\/wp-json\/wp\/v2\/tags?post=101688"}],"curies":[{"name":"wp","href":"https:\/\/api.w.org\/{rel}","templated":true}]}}