{"id":101691,"date":"2025-04-01T05:00:00","date_gmt":"2025-04-01T08:00:00","guid":{"rendered":"https:\/\/tvc16.com\/portal\/?p=101691"},"modified":"2025-03-31T16:06:23","modified_gmt":"2025-03-31T19:06:23","slug":"receita-do-turismo-internacional-tem-crescimento-recorde-em-fevereiro","status":"publish","type":"post","link":"https:\/\/tvc16.com\/portal\/2025\/04\/01\/receita-do-turismo-internacional-tem-crescimento-recorde-em-fevereiro\/","title":{"rendered":"Receita do turismo internacional tem crescimento recorde em fevereiro"},"content":{"rendered":"\n<p><strong>Fevereiro de 2025 registrou mais um recorde para o turismo no pa\u00eds, com a inje\u00e7\u00e3o de US$ 823 milh\u00f5es trazidos por viajantes internacionais para a economia brasileira. O aumento foi de 22,2% na compara\u00e7\u00e3o com o mesmo m\u00eas do ano passado.&nbsp;<\/strong>Em fevereiro desembarcaram nos destinos nacionais mais de 1,3 milh\u00e3o de estrangeiros.<img decoding=\"async\" src=\"https:\/\/agenciabrasil.ebc.com.br\/ebc.png?id=1636844&amp;o=node\"><img decoding=\"async\" src=\"https:\/\/agenciabrasil.ebc.com.br\/ebc.gif?id=1636844&amp;o=node\"><\/p>\n\n\n\n<p>Os dados foram reunidos pelo Minist\u00e9rio do Turismo, com a Ag\u00eancia Brasileira de Promo\u00e7\u00e3o Internacional do Turismo (Embratur) e a Pol\u00edcia Federal, a partir das<a href=\"https:\/\/www.bcb.gov.br\/estatisticas\/estatisticassetorexterno\" target=\"_blank\" rel=\"noreferrer noopener\">&nbsp;Estat\u00edsticas do Setor Externo<\/a>, divulgadas pelo Banco Central na \u00faltima semana.<\/p>\n\n\n\n<blockquote class=\"wp-block-quote is-layout-flow wp-block-quote-is-layout-flow\">\n<p>\u201cO turismo internacional tornou-se um grande motor da economia do Brasil. \u00c9 o setor que mais cresce e gera muitos empregos.Afinal \u00e9 onde 95% dos neg\u00f3cios s\u00e3o em micro, pequenas e m\u00e9dias empresas\u201d, afirmou o presidente da Embratur, Marcelo Freixo.<\/p>\n<\/blockquote>\n\n\n\n<p><strong>No acumulado do bimestre, o turismo estrangeiro injetou mais de US$ 1,6 bilh\u00e3o, correspondendo a um crescimento de 10,4% na compara\u00e7\u00e3o com os dois primeiros meses de 2024.<\/strong>&nbsp;No per\u00edodo a entrada de viajantes de outros pa\u00edses cresceu 57%, na compara\u00e7\u00e3o com o primeiro bimestre do ano anterior, somando 2,8 milh\u00f5es de desembarques.<\/p>\n\n\n\n<p><strong>De acordo com nota divulgada pela Embratur, o setor foi impulsionado por um calend\u00e1rio de eventos internacionais, que dever\u00e1 se manter em alta ao longo do ano com a realiza\u00e7\u00e3o da&nbsp;<a href=\"https:\/\/agenciabrasil.ebc.com.br\/geral\/noticia\/2025-02\/cupula-de-chefes-de-estado-do-brics-sera-em-julho-no-rio-de-janeiro\" target=\"_blank\" rel=\"noreferrer noopener\">C\u00fapula do Brics<\/a>, em julho, no Rio de Janeiro.<\/strong>&nbsp;O Brics \u00e9 formado pelo Brasil, R\u00fassia, \u00cdndia, China e \u00c1frica do Sul. No ano passado, foram convidados a fazer parte do grupo Ar\u00e1bia Saudita, Argentina, Egito, Emirados \u00c1rabes Unidos, Eti\u00f3pia e Ir\u00e3.&nbsp;<\/p>\n\n\n\n<p><strong>E, em novembro deste ano, Bel\u00e9m ser\u00e1 sede da&nbsp;<a href=\"https:\/\/agenciabrasil.ebc.com.br\/radioagencia-nacional\/meio-ambiente\/audio\/2025-03\/governo-oficializa-presidencia-e-estrutura-de-governanca-da-cop-30\" target=\"_blank\" rel=\"noreferrer noopener\">Confer\u00eancia das Na\u00e7\u00f5es Unidas sobre as Mudan\u00e7as Clim\u00e1ticas (COP 30)<\/a>.<\/strong><\/p>\n\n\n\n<p>Para o presidente da Embratur, os sucessivos recordes ocorridos no setor refletem tamb\u00e9m um trabalho de promo\u00e7\u00e3o internacional, associado ao aumento da conectividade a\u00e9rea entre os destinos.&nbsp;<\/p>\n\n\n\n<blockquote class=\"wp-block-quote is-layout-flow wp-block-quote-is-layout-flow\">\n<p>\u201cO Brasil t\u00e1 na moda, mas \u00e9 gra\u00e7as ao trabalho conjunto do poder p\u00fablico e privado\u201d, ressaltou Freixo.<\/p>\n<\/blockquote>\n\n\n\n<p>Fab\u00edola Sinimb\u00fa \u2013 Rep\u00f3rter da Ag\u00eancia Brasil<br>Foto:\u00a9 Fernando Fraz\u00e3o\/Ag\u00eancia Brasil<br><\/p>\n","protected":false},"excerpt":{"rendered":"<p>Fevereiro de 2025 registrou mais um recorde para o turismo no pa\u00eds, com a inje\u00e7\u00e3o<\/p>\n","protected":false},"author":2,"featured_media":101692,"comment_status":"open","ping_status":"open","sticky":false,"template":"","format":"standard","meta":{"footnotes":""},"categories":[17],"tags":[],"class_list":["post-101691","post","type-post","status-publish","format-standard","has-post-thumbnail","hentry","category-outras-noticias"],"_links":{"self":[{"href":"https:\/\/tvc16.com\/portal\/wp-json\/wp\/v2\/posts\/101691","targetHints":{"allow":["GET"]}}],"collection":[{"href":"https:\/\/tvc16.com\/portal\/wp-json\/wp\/v2\/posts"}],"about":[{"href":"https:\/\/tvc16.com\/portal\/wp-json\/wp\/v2\/types\/post"}],"author":[{"embeddable":true,"href":"https:\/\/tvc16.com\/portal\/wp-json\/wp\/v2\/users\/2"}],"replies":[{"embeddable":true,"href":"https:\/\/tvc16.com\/portal\/wp-json\/wp\/v2\/comments?post=101691"}],"version-history":[{"count":1,"href":"https:\/\/tvc16.com\/portal\/wp-json\/wp\/v2\/posts\/101691\/revisions"}],"predecessor-version":[{"id":101693,"href":"https:\/\/tvc16.com\/portal\/wp-json\/wp\/v2\/posts\/101691\/revisions\/101693"}],"wp:featuredmedia":[{"embeddable":true,"href":"https:\/\/tvc16.com\/portal\/wp-json\/wp\/v2\/media\/101692"}],"wp:attachment":[{"href":"https:\/\/tvc16.com\/portal\/wp-json\/wp\/v2\/media?parent=101691"}],"wp:term":[{"taxonomy":"category","embeddable":true,"href":"https:\/\/tvc16.com\/portal\/wp-json\/wp\/v2\/categories?post=101691"},{"taxonomy":"post_tag","embeddable":true,"href":"https:\/\/tvc16.com\/portal\/wp-json\/wp\/v2\/tags?post=101691"}],"curies":[{"name":"wp","href":"https:\/\/api.w.org\/{rel}","templated":true}]}}