{"id":101701,"date":"2025-04-01T08:27:38","date_gmt":"2025-04-01T11:27:38","guid":{"rendered":"https:\/\/tvc16.com\/portal\/?p=101701"},"modified":"2025-04-01T08:27:40","modified_gmt":"2025-04-01T11:27:40","slug":"declaracao-pre-preenchida-completa-do-ir-esta-disponivel","status":"publish","type":"post","link":"https:\/\/tvc16.com\/portal\/2025\/04\/01\/declaracao-pre-preenchida-completa-do-ir-esta-disponivel\/","title":{"rendered":"Declara\u00e7\u00e3o pr\u00e9-preenchida completa do IR est\u00e1 dispon\u00edvel"},"content":{"rendered":"\n<p><em>Envio do documento pelo celular tamb\u00e9m come\u00e7a nesta ter\u00e7a<\/em><\/p>\n\n\n\n<p>Por Wellton M\u00e1ximo \u2013 Rep\u00f3rter da Ag\u00eancia Brasil \/ Foto: Jo\u00e9dson Alves\/Ag\u00eancia\u00a0Brasil<\/p>\n\n\n\n<p><\/p>\n\n\n\n<p>Ap\u00f3s duas semanas com informa\u00e7\u00f5es parciais,<strong>&nbsp;a declara\u00e7\u00e3o pr\u00e9-preenchida do<\/strong>&nbsp;<a href=\"https:\/\/agenciabrasil.ebc.com.br\/economia\/noticia\/2025-03\/confira-regras-do-irpf-2025-prazo-para-declaracao-comeca-na-segunda\" target=\"_blank\" rel=\"noreferrer noopener\">Imposto de Renda Pessoa F\u00edsica (IRPF)&nbsp;<\/a><strong>est\u00e1 dispon\u00edvel com dados completos a partir desta ter\u00e7a-feira (1\u00ba)<\/strong>. O atraso ocorreu por causa da greve dos auditores-fiscais da Receita Federal.<img decoding=\"async\" src=\"https:\/\/agenciabrasil.ebc.com.br\/ebc.png?id=1636959&amp;o=node\"><img decoding=\"async\" src=\"https:\/\/agenciabrasil.ebc.com.br\/ebc.gif?id=1636959&amp;o=node\"><\/p>\n\n\n\n<p>Tamb\u00e9m a partir desta ter\u00e7a,&nbsp;<strong>est\u00e1 dispon\u00edvel a declara\u00e7\u00e3o pelo celular e pelo Centro Virtual de Atendimento ao Contribuinte (e-CAC)<\/strong>. Alternativas ao programa gerador do Imposto de Renda, os dois recursos de preenchimento tamb\u00e9m atrasaram por causa da greve.<\/p>\n\n\n\n<p>Al\u00e9m de acelerar o preenchimento da Declara\u00e7\u00e3o do Imposto de Renda,&nbsp;<strong>a vers\u00e3o pr\u00e9-preenchida d\u00e1 prioridade no recebimento da restitui\u00e7\u00e3o<\/strong>.<\/p>\n\n\n\n<p>Com todos os dados dispon\u00edveis, os contribuintes ter\u00e3o acesso autom\u00e1tico \u00e0s seguintes informa\u00e7\u00f5es:<\/p>\n\n\n\n<p>\u2022 &nbsp; &nbsp;Declara\u00e7\u00e3o do Imposto sobre a Renda Retido na Fonte (Dirf);<\/p>\n\n\n\n<p>\u2022 &nbsp; &nbsp;Declara\u00e7\u00e3o de Informa\u00e7\u00f5es sobre Atividades Imobili\u00e1rias (Dimob);<\/p>\n\n\n\n<p>\u2022 &nbsp; &nbsp;Declara\u00e7\u00e3o de Servi\u00e7os M\u00e9dicos e de Sa\u00fade (Dmed);<\/p>\n\n\n\n<p>\u2022 &nbsp; &nbsp;Carn\u00ea-Le\u00e3o Web.<\/p>\n\n\n\n<p>\u2022 &nbsp; &nbsp;rendimentos isentos decorrentes de mol\u00e9stia grave;<\/p>\n\n\n\n<p>\u2022 &nbsp; &nbsp;c\u00f3digos de juros;<\/p>\n\n\n\n<p>\u2022 &nbsp; &nbsp;restitui\u00e7\u00f5es recebidas no ano-calend\u00e1rio.<\/p>\n\n\n\n<p>\u2022 &nbsp; &nbsp;saldos banc\u00e1rios;<\/p>\n\n\n\n<p>\u2022 &nbsp; &nbsp;investimentos;<\/p>\n\n\n\n<p>\u2022 &nbsp; &nbsp;im\u00f3veis adquiridos;<\/p>\n\n\n\n<p>\u2022 &nbsp; &nbsp;doa\u00e7\u00f5es realizadas no ano-calend\u00e1rio;<\/p>\n\n\n\n<p>\u2022 &nbsp; &nbsp;criptoativos<\/p>\n\n\n\n<p>\u2022 &nbsp; &nbsp;contas banc\u00e1rias e ativos no exterior;<\/p>\n\n\n\n<p>\u2022 &nbsp; &nbsp;contribui\u00e7\u00f5es para a previd\u00eancia privada.<\/p>\n\n\n\n<p>Na etapa inicial de entrega da Declara\u00e7\u00e3o do Imposto de Renda Pessoa F\u00edsica 2025, a Receita fornecia a declara\u00e7\u00e3o pr\u00e9-preenchida apenas com os dados da Dirf, da Dimob, da Dimed e do Carn\u00ea-Le\u00e3o Web. Outros dados foram acrescentados nos \u00faltimos dias, mas a declara\u00e7\u00e3o pr\u00e9-preenchida ainda n\u00e3o estava completa.<\/p>\n\n\n\n<h2 class=\"wp-block-heading\">Declara\u00e7\u00e3o por celular<\/h2>\n\n\n\n<p>A<strong>&nbsp;declara\u00e7\u00e3o pelo celular e feita por meio do aplicativo do Meu Imposto de Renda<\/strong>, sem a necessidade de baixar o programa no computador. O&nbsp;<strong>site do e-CAC tamb\u00e9m foi atualizado para permitir o preenchimento e o envio on-line<\/strong>.<\/p>\n\n\n\n<p>A Receita Federal pretende substituir o programa gerador da declara\u00e7\u00e3o (PGD), baixado nos computadores, pelo preenchimento on-line e por dispositivos m\u00f3veis. No entanto, o Fisco ainda n\u00e3o forneceu uma data para a descontinuidade do PGD.<\/p>\n\n\n\n<blockquote class=\"wp-block-quote is-layout-flow wp-block-quote-is-layout-flow\">\n<p>\u201cA gente tem investido muito forte na solu\u00e7\u00e3o do Meu Imposto de Renda. Em algum momento vamos acabar com o PGD em prol dessa solu\u00e7\u00e3o online, que \u00e9 mais segura\u201d, afirmou o supervisor nacional do Imposto de Renda, Jos\u00e9 Carlos Fonseca, durante a apresenta\u00e7\u00e3o das regras, no m\u00eas passado.<\/p>\n<\/blockquote>\n\n\n\n<h2 class=\"wp-block-heading\">Prazo<\/h2>\n\n\n\n<p>O&nbsp;<strong>prazo de envio da Declara\u00e7\u00e3o do Imposto de Renda Pessoa F\u00edsica 2025<\/strong><a href=\"https:\/\/agenciabrasil.ebc.com.br\/economia\/noticia\/2025-03\/receita-comeca-receber-nesta-segunda-declaracoes-do-imposto-de-renda\" target=\"_blank\" rel=\"noreferrer noopener\">&nbsp;come\u00e7ou em 17 de mar\u00e7o&nbsp;<\/a><strong>e vai at\u00e9 30 de maio, \u00e0s 23h59min59s<\/strong>.<\/p>\n\n\n\n<p>A Receita recomenda aos<strong>&nbsp;contribuintes que tenham toda a documenta\u00e7\u00e3o em m\u00e3os para comparar com os dados fornecidos na pr\u00e9-preenchida<\/strong>. Em caso de diverg\u00eancias, o contribuinte deve preencher as informa\u00e7\u00f5es dos documentos.<\/p>\n\n\n\n<p>A Receita Federal espera receber, neste ano, 46,2 milh\u00f5es de declara\u00e7\u00f5es. O n\u00famero representa alta de quase 7% em rela\u00e7\u00e3o ao n\u00famero de entregas em 2024.<\/p>\n\n\n\n<p><br><\/p>\n","protected":false},"excerpt":{"rendered":"<p>Envio do documento pelo celular tamb\u00e9m come\u00e7a nesta ter\u00e7a Por Wellton M\u00e1ximo \u2013 Rep\u00f3rter da<\/p>\n","protected":false},"author":2,"featured_media":101702,"comment_status":"open","ping_status":"open","sticky":false,"template":"","format":"standard","meta":{"footnotes":""},"categories":[17],"tags":[],"class_list":["post-101701","post","type-post","status-publish","format-standard","has-post-thumbnail","hentry","category-outras-noticias"],"_links":{"self":[{"href":"https:\/\/tvc16.com\/portal\/wp-json\/wp\/v2\/posts\/101701","targetHints":{"allow":["GET"]}}],"collection":[{"href":"https:\/\/tvc16.com\/portal\/wp-json\/wp\/v2\/posts"}],"about":[{"href":"https:\/\/tvc16.com\/portal\/wp-json\/wp\/v2\/types\/post"}],"author":[{"embeddable":true,"href":"https:\/\/tvc16.com\/portal\/wp-json\/wp\/v2\/users\/2"}],"replies":[{"embeddable":true,"href":"https:\/\/tvc16.com\/portal\/wp-json\/wp\/v2\/comments?post=101701"}],"version-history":[{"count":1,"href":"https:\/\/tvc16.com\/portal\/wp-json\/wp\/v2\/posts\/101701\/revisions"}],"predecessor-version":[{"id":101703,"href":"https:\/\/tvc16.com\/portal\/wp-json\/wp\/v2\/posts\/101701\/revisions\/101703"}],"wp:featuredmedia":[{"embeddable":true,"href":"https:\/\/tvc16.com\/portal\/wp-json\/wp\/v2\/media\/101702"}],"wp:attachment":[{"href":"https:\/\/tvc16.com\/portal\/wp-json\/wp\/v2\/media?parent=101701"}],"wp:term":[{"taxonomy":"category","embeddable":true,"href":"https:\/\/tvc16.com\/portal\/wp-json\/wp\/v2\/categories?post=101701"},{"taxonomy":"post_tag","embeddable":true,"href":"https:\/\/tvc16.com\/portal\/wp-json\/wp\/v2\/tags?post=101701"}],"curies":[{"name":"wp","href":"https:\/\/api.w.org\/{rel}","templated":true}]}}