{"id":10171,"date":"2021-02-07T21:14:23","date_gmt":"2021-02-08T00:14:23","guid":{"rendered":"https:\/\/tvc16.com\/portal\/?p=10171"},"modified":"2021-02-07T21:14:26","modified_gmt":"2021-02-08T00:14:26","slug":"brasil-supera-231-mil-mortes-e-95-milhoes-de-infectados-por-covid-19","status":"publish","type":"post","link":"https:\/\/tvc16.com\/portal\/2021\/02\/07\/brasil-supera-231-mil-mortes-e-95-milhoes-de-infectados-por-covid-19\/","title":{"rendered":"Brasil supera 231 mil mortes e 9,5 milh\u00f5es de infectados por covid-19"},"content":{"rendered":"\n<h3 class=\"wp-block-heading\">N\u00famero de recuperados supera 8,4 milh\u00f5es<\/h3>\n\n\n\n<h4 class=\"wp-block-heading\"> <\/h4>\n\n\n\n<p>As mortes por covid-19 chegaram a 231.534 desde o in\u00edcio da pandemia. Nas \u00faltimas 24 horas, foram registrados 522 \u00f3bitos. O n\u00famero de pessoas infectadas chegou a 9.524.640. Entre ontem (6) e hoje (7), foram registrados 26.845 novos diagn\u00f3sticos positivos. No total, 8.397.187 pessoas se recuperaram da covid-19.<img decoding=\"async\" src=\"https:\/\/agenciabrasil.ebc.com.br\/ebc.png?id=1400824&amp;o=node\"><img decoding=\"async\" src=\"https:\/\/agenciabrasil.ebc.com.br\/ebc.gif?id=1400824&amp;o=node\"><\/p>\n\n\n\n<p>O balan\u00e7o foi divulgado neste domingo pelo Minist\u00e9rio da Sa\u00fade (MS). O balan\u00e7o re\u00fane as informa\u00e7\u00f5es levantadas pelas secretarias estaduais de Sa\u00fade de todo o pa\u00eds.<\/p>\n\n\n\n<p>Em geral, os registros de casos e mortes s\u00e3o menores aos domingos e segundas-feiras em raz\u00e3o da dificuldade de alimenta\u00e7\u00e3o dos dados pelas secretarias de Sa\u00fade nos finais de semana. \u00c0s ter\u00e7as-feiras, os totais tendem a ser maiores pelo ac\u00famulo das informa\u00e7\u00f5es de fim de semana que s\u00e3o enviadas ao minist\u00e9rio.<\/p>\n\n\n\n<p>Covid-19 nos estados<\/p>\n\n\n\n<p>Os estados que concentram o maior n\u00famero de casos tem S\u00e3o Paulo na lideran\u00e7a com 1.849.334 de pessoas contaminadas. Em seguida vem Minas Gerais (774.111) e Bahia (607.946). O Acre \u00e9 a unidade da Federa\u00e7\u00e3o com o menor n\u00famero de casos (50.546), seguido de Roraima (75.712) e Amap\u00e1 (78.799).<\/p>\n\n\n\n<p>S\u00e3o Paulo tamb\u00e9m lidera o n\u00famero de mortes, com 54.614. Rio de Janeiro (30.597) e Minas Gerais (15.930) aparecem na sequ\u00eancia. Os estados com menos mortes s\u00e3o Acre (888), Roraima (896) e Amap\u00e1 (1.079)<\/p>\n\n\n\n<p>Por Marcelo Brand\u00e3o \u2013 Rep\u00f3rter da Ag\u00eancia Brasil &#8211; Bras\u00edlia<\/p>\n","protected":false},"excerpt":{"rendered":"<p>N\u00famero de recuperados supera 8,4 milh\u00f5es As mortes por covid-19 chegaram a 231.534 desde o<\/p>\n","protected":false},"author":2,"featured_media":10172,"comment_status":"open","ping_status":"open","sticky":false,"template":"","format":"standard","meta":{"footnotes":""},"categories":[17],"tags":[],"class_list":["post-10171","post","type-post","status-publish","format-standard","has-post-thumbnail","hentry","category-outras-noticias"],"_links":{"self":[{"href":"https:\/\/tvc16.com\/portal\/wp-json\/wp\/v2\/posts\/10171","targetHints":{"allow":["GET"]}}],"collection":[{"href":"https:\/\/tvc16.com\/portal\/wp-json\/wp\/v2\/posts"}],"about":[{"href":"https:\/\/tvc16.com\/portal\/wp-json\/wp\/v2\/types\/post"}],"author":[{"embeddable":true,"href":"https:\/\/tvc16.com\/portal\/wp-json\/wp\/v2\/users\/2"}],"replies":[{"embeddable":true,"href":"https:\/\/tvc16.com\/portal\/wp-json\/wp\/v2\/comments?post=10171"}],"version-history":[{"count":1,"href":"https:\/\/tvc16.com\/portal\/wp-json\/wp\/v2\/posts\/10171\/revisions"}],"predecessor-version":[{"id":10173,"href":"https:\/\/tvc16.com\/portal\/wp-json\/wp\/v2\/posts\/10171\/revisions\/10173"}],"wp:featuredmedia":[{"embeddable":true,"href":"https:\/\/tvc16.com\/portal\/wp-json\/wp\/v2\/media\/10172"}],"wp:attachment":[{"href":"https:\/\/tvc16.com\/portal\/wp-json\/wp\/v2\/media?parent=10171"}],"wp:term":[{"taxonomy":"category","embeddable":true,"href":"https:\/\/tvc16.com\/portal\/wp-json\/wp\/v2\/categories?post=10171"},{"taxonomy":"post_tag","embeddable":true,"href":"https:\/\/tvc16.com\/portal\/wp-json\/wp\/v2\/tags?post=10171"}],"curies":[{"name":"wp","href":"https:\/\/api.w.org\/{rel}","templated":true}]}}