{"id":101712,"date":"2025-04-01T08:43:35","date_gmt":"2025-04-01T11:43:35","guid":{"rendered":"https:\/\/tvc16.com\/portal\/?p=101712"},"modified":"2025-04-01T08:43:36","modified_gmt":"2025-04-01T11:43:36","slug":"abril-tera-temperaturas-acima-da-media-em-grande-parte-do-pais","status":"publish","type":"post","link":"https:\/\/tvc16.com\/portal\/2025\/04\/01\/abril-tera-temperaturas-acima-da-media-em-grande-parte-do-pais\/","title":{"rendered":"Abril ter\u00e1 temperaturas acima da m\u00e9dia em grande parte do pa\u00eds"},"content":{"rendered":"\n<p><em>Brasil teve este ano o sexto ver\u00e3o mais quente desde 1961<\/em><\/p>\n\n\n\n<p>Por Fab\u00edola Sinimb\u00fa &#8211; Rep\u00f3rter da Ag\u00eancia Brasil \/ Foto: Paulo Pinto\/Ag\u00eancia Brasil<\/p>\n\n\n\n<p><\/p>\n\n\n\n<p><strong>As regi\u00f5es Centro-Oeste, Sudeste, Sul e uma pequena parte do Nordeste ter\u00e3o um m\u00eas de abril com temperaturas acima da m\u00e9dia, indica previs\u00e3o do Instituto Nacional de Meteorologia (Inmet).<\/strong>&nbsp;Nessas regi\u00f5es, as chuvas tamb\u00e9m ser\u00e3o mais escassas para o per\u00edodo, mantendo a tend\u00eancia do que ocorreu durante o ver\u00e3o, encerrado no \u00faltimo dia 20 de mar\u00e7o.<img decoding=\"async\" src=\"https:\/\/agenciabrasil.ebc.com.br\/ebc.png?id=1636837&amp;o=node\"><img decoding=\"async\" src=\"https:\/\/agenciabrasil.ebc.com.br\/ebc.gif?id=1636837&amp;o=node\"><\/p>\n\n\n\n<p>Segundo o balan\u00e7o da esta\u00e7\u00e3o, apesar da influ\u00eancia do fen\u00f4meno&nbsp;<em>La Ni\u00f1a<\/em>, esse foi o sexto ver\u00e3o mais quente do pa\u00eds desde 1961. As chuvas ultrapassaram a m\u00e9dia hist\u00f3rica na faixa norte do pa\u00eds, mas nas regi\u00f5es Centro-Oeste, Sudeste e em parte da Regi\u00e3o Sul, as precipita\u00e7\u00f5es foram predominantemente abaixo da m\u00e9dia.<\/p>\n\n\n\n<p><strong>\u201cOs volumes apresentados n\u00e3o foram suficientes para recuperar o estoque h\u00eddrico do solo, maltratado pelas \u00faltimas secas e inc\u00eandios florestais que t\u00eam atingindo com mais frequ\u00eancia os biomas Amaz\u00f4nia, Cerrado e o Pantanal nos \u00faltimos dois anos\u201d, destaca nota divulgada pelo Inmet.<\/strong><\/p>\n\n\n\n<h2 class=\"wp-block-heading\">Temperaturas<\/h2>\n\n\n\n<p><strong>As previs\u00f5es para abril indicam tamb\u00e9m que o centro-sul do pa\u00eds e \u00e1reas pontuais no Nordeste devem atravessar o m\u00eas com temperaturas acima de 24\u00b0C.<\/strong>&nbsp;J\u00e1 outras \u00e1reas no Nordeste e toda a Regi\u00e3o Norte dever\u00e3o registrar temperaturas dentro da m\u00e9dia hist\u00f3rica para o per\u00edodo, com term\u00f4metros marcando entre 26\u00ba e 28\u00ba.<\/p>\n\n\n\n<p><strong>Para o Inmet, nas regi\u00f5es Centro-Oeste e Sudeste haver\u00e1 chuvas mal distribu\u00eddas, com tend\u00eancia de volumes mais concentradas no leste do Sudeste. Na Regi\u00e3o Sul, a seca dever\u00e1 ser percebida principalmente no extremo-sul do Rio Grande do Sul e na parte central de Santa Catarina. Em outras \u00e1reas, as chuvas acima da m\u00e9dia podem ajudar na recupera\u00e7\u00e3o do solo.<\/strong><\/p>\n\n\n\n<h2 class=\"wp-block-heading\">Outono<\/h2>\n\n\n\n<p><strong>Para a temporada de outono &#8211; iniciado em 20 de mar\u00e7o para terminar em 20 de junho &#8211; a meteorologista do Inmet, Danielle Ferreira, destaca que as chuvas ainda persistir\u00e3o somente na faixa norte do pa\u00eds, mas o mesmo n\u00e3o ser\u00e1 observado na parte central brasileira.<\/strong><\/p>\n\n\n\n<p>&nbsp;<strong>\u201cA tend\u00eancia \u00e9 de redu\u00e7\u00e3o das chuvas \u00e0 medida que a gente vai para meados e fim do outono, que \u00e9 o estabelecimento do per\u00edodo seco. Na Regi\u00e3o Sul teremos um pouco de irregularidade em abril, mas poderemos ter o retorno das chuvas no Rio Grande do Sul, principalmente, a partir de maio\u201d, acrescentou.<\/strong><\/p>\n\n\n\n<p>Em termos de temperatura, a previs\u00e3o para outono \u00e9 de term\u00f4metros acima da m\u00e9dia no centro-sul do pa\u00eds, com algumas entradas de massa de ar frio a partir de abril. \u201cIsso pode provocar temperaturas mais amenas, principalmente em regi\u00f5es mais elevadas e at\u00e9 mesmo ocorr\u00eancia de geadas, em especial nas \u00e1reas mais elevadas da Regi\u00e3o Sul. Por enquanto, a gente n\u00e3o tem previs\u00e3o de geada para a Regi\u00e3o Sudeste, mas \u00e0 medida que o outono vai se estabelecendo, \u00e9 poss\u00edvel que ocorra tamb\u00e9m\u201d, concluiu a meteorologista.<br><\/p>\n","protected":false},"excerpt":{"rendered":"<p>Brasil teve este ano o sexto ver\u00e3o mais quente desde 1961 Por Fab\u00edola Sinimb\u00fa &#8211;<\/p>\n","protected":false},"author":2,"featured_media":101713,"comment_status":"open","ping_status":"open","sticky":false,"template":"","format":"standard","meta":{"footnotes":""},"categories":[17],"tags":[],"class_list":["post-101712","post","type-post","status-publish","format-standard","has-post-thumbnail","hentry","category-outras-noticias"],"_links":{"self":[{"href":"https:\/\/tvc16.com\/portal\/wp-json\/wp\/v2\/posts\/101712","targetHints":{"allow":["GET"]}}],"collection":[{"href":"https:\/\/tvc16.com\/portal\/wp-json\/wp\/v2\/posts"}],"about":[{"href":"https:\/\/tvc16.com\/portal\/wp-json\/wp\/v2\/types\/post"}],"author":[{"embeddable":true,"href":"https:\/\/tvc16.com\/portal\/wp-json\/wp\/v2\/users\/2"}],"replies":[{"embeddable":true,"href":"https:\/\/tvc16.com\/portal\/wp-json\/wp\/v2\/comments?post=101712"}],"version-history":[{"count":1,"href":"https:\/\/tvc16.com\/portal\/wp-json\/wp\/v2\/posts\/101712\/revisions"}],"predecessor-version":[{"id":101714,"href":"https:\/\/tvc16.com\/portal\/wp-json\/wp\/v2\/posts\/101712\/revisions\/101714"}],"wp:featuredmedia":[{"embeddable":true,"href":"https:\/\/tvc16.com\/portal\/wp-json\/wp\/v2\/media\/101713"}],"wp:attachment":[{"href":"https:\/\/tvc16.com\/portal\/wp-json\/wp\/v2\/media?parent=101712"}],"wp:term":[{"taxonomy":"category","embeddable":true,"href":"https:\/\/tvc16.com\/portal\/wp-json\/wp\/v2\/categories?post=101712"},{"taxonomy":"post_tag","embeddable":true,"href":"https:\/\/tvc16.com\/portal\/wp-json\/wp\/v2\/tags?post=101712"}],"curies":[{"name":"wp","href":"https:\/\/api.w.org\/{rel}","templated":true}]}}